{"id":55613,"date":"2026-08-31T10:39:57","date_gmt":"2026-08-31T08:39:57","guid":{"rendered":"https:\/\/tablaoflamenco1911.com\/es\/?p=55613"},"modified":"2026-08-27T15:46:12","modified_gmt":"2026-08-27T13:46:12","slug":"55613-2","status":"publish","type":"post","link":"https:\/\/tablaoflamenco1911.com\/pt\/o-traje-de-flamenca\/","title":{"rendered":"O traje de flamenca: hist\u00f3ria, tipos e quando se usa"},"content":{"rendered":"<p>\u00c9 provavelmente a pe\u00e7a de roupa espanhola mais reconhec\u00edvel do mundo. Bolinhas, folhos, cintura marcada e um voo que ocupa a rua inteira. <strong>O traje de flamenca n\u00e3o nasceu para o palco: nasceu para trabalhar.<\/strong><\/p>\n<p>Vamos ver o que \u00e9 exatamente, de onde vem, que tipos existem, como se completa e quando se usa de verdade.<\/p>\n<h2>O que \u00e9 o traje de flamenca (ou traje de gitana?)<\/h2>\n<p>O traje de flamenca \u00e9 o vestido feminino que se usa nas feiras e romarias do sul de Espanha. Justo at\u00e9 \u00e0 cintura, com a saia a abrir em folhos e, muitas vezes, com estampado de bolinhas.<\/p>\n<p>E aqui a primeira clarifica\u00e7\u00e3o, porque gera d\u00favidas: na Andaluzia muitos chamam-lhe <strong>&#8220;traje de gitana&#8221;<\/strong>, que \u00e9 o nome tradicional. &#8220;Traje de flamenca&#8221; \u00e9 a denomina\u00e7\u00e3o que se imp\u00f4s com o tempo, sobretudo fora. <strong>As duas s\u00e3o corretas e designam a mesma pe\u00e7a<\/strong>; muda apenas o costume de cada lugar e de cada gera\u00e7\u00e3o.<\/p>\n<p>O que conv\u00e9m n\u00e3o confundir \u00e9 o traje de feira com o <strong>guarda-roupa de baile<\/strong>. Parecem-se, mas n\u00e3o s\u00e3o a mesma coisa, e no final do artigo vais ver porqu\u00ea.<\/p>\n<h2>A origem: da bata de trabalho ao traje de feira<\/h2>\n<p>Aqui est\u00e1 o bonito desta pe\u00e7a: ningu\u00e9m a desenhou para a exibir. Vem da roupa de trabalho.<\/p>\n<p>Nas feiras de gado do s\u00e9culo XIX, as mulheres que acompanhavam os negociantes usavam <strong>batas simples de percal com folhos<\/strong>, c\u00f3modas e baratas, para andar entre animais e p\u00f3. Aquelas batas humildes come\u00e7aram a chamar a aten\u00e7\u00e3o pela sua gra\u00e7a e, pouco a pouco, foram subindo de categoria: melhores tecidos, mais folhos, mais adorno.<\/p>\n<p><strong>O que era roupa de trabalho acabou por ser o traje oficial da festa.<\/strong> Esse salto consolidou-se ao longo do s\u00e9culo XX, at\u00e9 se tornar a \u00fanica indument\u00e1ria regional espanhola que segue uma moda, com cole\u00e7\u00f5es e tend\u00eancias a cada temporada.<\/p>\n<h2>Tipos de traje de flamenca<\/h2>\n<p>N\u00e3o h\u00e1 um traje de flamenca, h\u00e1 muitos. Estes s\u00e3o os cortes que mais se v\u00eaem:<\/p>\n<p><strong>Canastero.<\/strong> O mais cigano e o mais reconhec\u00edvel: muito justo at\u00e9 aos joelhos e com um ou dois folhos grandes que se abrem de repente. Marca muito a figura e obriga a caminhar com certo ar, o que faz parte do seu encanto.<\/p>\n<p><strong>De folhos.<\/strong> O cl\u00e1ssico da feira: v\u00e1rios folhos escalonados desde a cintura, com muito voo. Quantos mais folhos, mais movimento e mais peso.<\/p>\n<p><strong>Corte sereia.<\/strong> Justo at\u00e9 bem abaixo, com o voo concentrado no final. Elegante e estilizado.<\/p>\n<p>E depois h\u00e1 as variantes de manga, decote e saia que mudam a cada temporada. Porque, insistimos, <strong>o traje de flamenca tem moda pr\u00f3pria<\/strong>: o que se usa num ano n\u00e3o \u00e9 o de h\u00e1 cinco.<\/p>\n<h2>Os complementos: peineta, flor e mant\u00f3n<\/h2>\n<p>O traje \u00e9 s\u00f3 metade. A outra metade s\u00e3o os complementos, e a\u00ed v\u00ea-se quem sabe:<\/p>\n<ul>\n<li><strong>A flor<\/strong>, colocada no cabelo, grande ou discreta, a um lado.<\/li>\n<li><strong>A <a href=\"https:\/\/tablaoflamenco1911.com\/pt\/peineta-flamenca\/\">peineta flamenca<\/a><\/strong>, que d\u00e1 altura ao coque.<\/li>\n<li><strong>O mantoncillo<\/strong>, cruzado sobre os ombros e atado ao peito.<\/li>\n<li><strong>Os zarcillos<\/strong>, aqueles brincos grandes que se movem ao andar.<\/li>\n<li><strong>O mant\u00f3n de Manila<\/strong> bordado, para as noites frescas e para as estampas mais senhoriais.<\/li>\n<\/ul>\n<p>A regra \u00e9 a mesma que com tudo no flamenco: <strong>o equil\u00edbrio antes da quantidade<\/strong>. Um traje bem posto com dois complementos acertados ganha sempre a um sobrecarregado.<\/p>\n<h2>Quando se usa de verdade (e como ir a uma feira sem ele)<\/h2>\n<p>Sejamos claros. O traje de flamenca usa-se na <strong>Feria de Abril, nas feiras das aldeias e em romarias<\/strong> como a do Roc\u00edo. \u00c9 a\u00ed que faz sentido e onde se v\u00ea aos milhares.<\/p>\n<p>E uma resposta honesta a uma d\u00favida muito comum: <strong>n\u00e3o \u00e9 preciso traje de flamenca para ir a uma feira.<\/strong> Muit\u00edssima gente vai sem ele, e n\u00e3o acontece nada. Funcionam igualmente bem uma saia com folhos, um vestido simples com uma flor no cabelo ou um mantoncillo sobre algo neutro. O que n\u00e3o se estila \u00e9 disfar\u00e7ar-se: melhor ir c\u00f3modo e com um piscar de olhos do que for\u00e7ar um traje alugado que n\u00e3o te fica bem.<\/p>\n<p>E num tablao, o que se usa? A\u00ed conv\u00e9m outra clarifica\u00e7\u00e3o: <strong>a bailaora n\u00e3o dan\u00e7a com traje de feira<\/strong>. No palco usa-se guarda-roupa de baile \u2014saias de voo, bata de cola\u2014, pensado para se mover, e o p\u00fablico vai como quiser, sem c\u00f3digo de vestu\u00e1rio. Tal como acontece com a peineta ou o chap\u00e9u cordov\u00eas, cada coisa tem o seu momento.<\/p>\n<p><img loading=\"lazy\" decoding=\"async\" width=\"820\" height=\"1024\" class=\"aligncenter size-large wp-image-55575\" src=\"https:\/\/tablaoflamenco1911.com\/wp-content\/uploads\/2026\/08\/traje-flamenca-paula-820x1024.webp\" alt=\"\" \/><\/p>\n<p>Dito isso, a estampa do traje de flamenca \u00e9 insepar\u00e1vel da imagem do flamenco no mundo, e v\u00ea-la no seu ambiente n\u00e3o tem pre\u00e7o. Se quiseres viver a arte que est\u00e1 por tr\u00e1s de tudo isto, vem ao nosso <a href=\"https:\/\/tablaoflamenco1911.com\/pt\/\">tablao flamenco em Madrid<\/a> e sente-a a dois passos.<\/p>","protected":false},"excerpt":{"rendered":"\u00c9 provavelmente a pe\u00e7a de roupa espanhola mais reconhec\u00edvel do mundo. Bolinhas, folhos, cintura marcada e um voo que ocupa a rua inteira. O traje de flamenca n\u00e3o nasceu para o palco: nasceu para trabalhar. Vamos ver o que \u00e9 exatamente, de onde vem, que tipos existem, como se completa e quando se usa de&#8230;","protected":false},"author":8,"featured_media":55599,"comment_status":"closed","ping_status":"closed","sticky":false,"template":"","format":"standard","meta":{"_acf_changed":false,"inline_featured_image":false,"footnotes":""},"categories":[19],"tags":[],"class_list":["post-55613","post","type-post","status-publish","format-standard","has-post-thumbnail","hentry","category-cultura-flamenca"],"acf":[],"yoast_head":"<!-- This site is optimized with the Yoast SEO plugin v28.4 - https:\/\/yoast.com\/product\/yoast-seo-wordpress\/ -->\n<title>Traje de flamenca: hist\u00f3ria, tipos e quando se usa<\/title>\n<meta name=\"description\" content=\"Descobre a origem do traje de flamenca, os tipos que existem, os seus complementos e quando se usa de verdade. Guia de um tablao com mais de um s\u00e9culo.\" \/>\n<meta name=\"robots\" content=\"index, follow, max-snippet:-1, max-image-preview:large, max-video-preview:-1\" \/>\n<link rel=\"canonical\" href=\"\/\" \/>\n<meta property=\"og:locale\" content=\"pt_PT\" \/>\n<meta property=\"og:type\" content=\"article\" \/>\n<meta property=\"og:title\" content=\"Traje de flamenca: hist\u00f3ria, tipos e quando se usa\" \/>\n<meta property=\"og:description\" content=\"Descobre a origem do traje de flamenca, os tipos que existem, os seus complementos e quando se usa de verdade. Guia de um tablao com mais de um s\u00e9culo.\" \/>\n<meta property=\"og:url\" content=\"https:\/\/tablaoflamenco1911.com\/pt\/el-traje-de-flamenca\/\" \/>\n<meta property=\"og:site_name\" content=\"Tablao Flamenco 1911\" \/>\n<meta property=\"article:published_time\" content=\"2026-08-31T08:39:57+00:00\" \/>\n<meta property=\"og:image\" content=\"https:\/\/tablaoflamenco1911.com\/wp-content\/uploads\/2026\/08\/photo-2026-08-27-12-15-52.jpg\" \/>\n\t<meta property=\"og:image:width\" content=\"1280\" \/>\n\t<meta property=\"og:image:height\" content=\"853\" \/>\n\t<meta property=\"og:image:type\" content=\"image\/jpeg\" \/>\n<meta name=\"author\" content=\"Miguel Blanco\" \/>\n<meta name=\"twitter:card\" content=\"summary_large_image\" \/>\n<meta name=\"twitter:label1\" content=\"Escrito por\" \/>\n\t<meta name=\"twitter:data1\" content=\"Miguel Blanco\" \/>\n\t<meta name=\"twitter:label2\" content=\"Tempo estimado de leitura\" \/>\n\t<meta name=\"twitter:data2\" content=\"4 minutos\" \/>\n<script type=\"application\/ld+json\" class=\"yoast-schema-graph\">{\"@context\":\"https:\\\/\\\/schema.org\",\"@graph\":[{\"@type\":\"Article\",\"@id\":\"https:\\\/\\\/tablaoflamenco1911.com\\\/es\\\/el-traje-de-flamenca\\\/#article\",\"isPartOf\":{\"@id\":\"https:\\\/\\\/tablaoflamenco1911.com\\\/es\\\/el-traje-de-flamenca\\\/\"},\"author\":{\"name\":\"Miguel Blanco\",\"@id\":\"https:\\\/\\\/tablaoflamenco1911.com\\\/es\\\/#\\\/schema\\\/person\\\/5c9c054f5ed0de8157b146ce7171d5e7\"},\"headline\":\"O traje de flamenca: hist\u00f3ria, tipos e quando se usa\",\"datePublished\":\"2026-08-31T08:39:57+00:00\",\"mainEntityOfPage\":{\"@id\":\"https:\\\/\\\/tablaoflamenco1911.com\\\/es\\\/el-traje-de-flamenca\\\/\"},\"wordCount\":9232,\"image\":{\"@id\":\"https:\\\/\\\/tablaoflamenco1911.com\\\/es\\\/el-traje-de-flamenca\\\/#primaryimage\"},\"thumbnailUrl\":\"https:\\\/\\\/tablaoflamenco1911.com\\\/wp-content\\\/uploads\\\/2026\\\/08\\\/photo-2026-08-27-12-15-52.jpg\",\"articleSection\":[\"Cultura Flamenca\"],\"inLanguage\":\"pt-PT\"},{\"@type\":\"WebPage\",\"@id\":\"https:\\\/\\\/tablaoflamenco1911.com\\\/pt\\\/el-traje-de-flamenca\\\/\",\"url\":\"https:\\\/\\\/tablaoflamenco1911.com\\\/pt\\\/el-traje-de-flamenca\\\/\",\"name\":\"Traje de flamenca: hist\u00f3ria, tipos e quando se usa\",\"isPartOf\":{\"@id\":\"https:\\\/\\\/tablaoflamenco1911.com\\\/pt\\\/#website\"},\"primaryImageOfPage\":{\"@id\":\"https:\\\/\\\/tablaoflamenco1911.com\\\/pt\\\/el-traje-de-flamenca\\\/#primaryimage\"},\"image\":{\"@id\":\"https:\\\/\\\/tablaoflamenco1911.com\\\/es\\\/el-traje-de-flamenca\\\/#primaryimage\"},\"thumbnailUrl\":\"https:\\\/\\\/tablaoflamenco1911.com\\\/wp-content\\\/uploads\\\/2026\\\/08\\\/photo-2026-08-27-12-15-52.jpg\",\"datePublished\":\"2026-08-31T08:39:57+00:00\",\"author\":{\"@id\":\"https:\\\/\\\/tablaoflamenco1911.com\\\/es\\\/#\\\/schema\\\/person\\\/5c9c054f5ed0de8157b146ce7171d5e7\"},\"description\":\"Descobre a origem do traje de flamenca, os tipos que existem, os seus complementos e quando se usa de verdade. Guia de um tablao com mais de um s\u00e9culo.\",\"breadcrumb\":{\"@id\":\"https:\\\/\\\/tablaoflamenco1911.com\\\/pt\\\/el-traje-de-flamenca\\\/#breadcrumb\"},\"inLanguage\":\"pt-PT\",\"potentialAction\":[{\"@type\":\"ReadAction\",\"target\":[[\"https:\\\/\\\/tablaoflamenco1911.com\\\/pt\\\/el-traje-de-flamenca\\\/\"]]}]},{\"@type\":\"ImageObject\",\"inLanguage\":\"pt-PT\",\"@id\":\"https:\\\/\\\/tablaoflamenco1911.com\\\/pt\\\/el-traje-de-flamenca\\\/#primaryimage\",\"url\":\"https:\\\/\\\/tablaoflamenco1911.com\\\/wp-content\\\/uploads\\\/2026\\\/08\\\/photo-2026-08-27-12-15-52.jpg\",\"contentUrl\":\"https:\\\/\\\/tablaoflamenco1911.com\\\/wp-content\\\/uploads\\\/2026\\\/08\\\/photo-2026-08-27-12-15-52.jpg\",\"width\":1280,\"height\":853,\"caption\":\"Fotograf\u00eda de flamenco moda, 5 mujeres posando con Trajes de Flamenca o Trajes de feria\"},{\"@type\":\"BreadcrumbList\",\"@id\":\"https:\\\/\\\/tablaoflamenco1911.com\\\/pt\\\/el-traje-de-flamenca\\\/#breadcrumb\",\"itemListElement\":[{\"@type\":\"ListItem\",\"position\":1,\"name\":\"Portada\",\"item\":\"https:\\\/\\\/tablaoflamenco1911.com\\\/pt\\\/\"},{\"@type\":\"ListItem\",\"position\":2,\"name\":\"Traje de flamenca\"}]},{\"@type\":\"WebSite\",\"@id\":\"https:\\\/\\\/tablaoflamenco1911.com\\\/pt\\\/#website\",\"url\":\"https:\\\/\\\/tablaoflamenco1911.com\\\/pt\\\/\",\"name\":\"Tablao Flamenco 1911\",\"description\":\"La Catedral del Flamenco en Madrid\",\"potentialAction\":[{\"@type\":\"SearchAction\",\"target\":{\"@type\":\"EntryPoint\",\"urlTemplate\":\"https:\\\/\\\/tablaoflamenco1911.com\\\/pt\\\/?s={search_term_string}\"},\"query-input\":{\"@type\":\"PropertyValueSpecification\",\"valueRequired\":true,\"valueName\":\"search_term_string\"}}],\"inLanguage\":\"pt-PT\"},{\"@type\":\"Person\",\"@id\":\"https:\\\/\\\/tablaoflamenco1911.com\\\/es\\\/#\\\/schema\\\/person\\\/5c9c054f5ed0de8157b146ce7171d5e7\",\"name\":\"Miguel Blanco\",\"image\":{\"@type\":\"ImageObject\",\"inLanguage\":\"pt-PT\",\"@id\":\"https:\\\/\\\/secure.gravatar.com\\\/avatar\\\/359874fd676a9bfbf3a5d62f8bb888a22a657034662dd62c3669b5e7274a1365?s=96&d=mm&r=g\",\"url\":\"https:\\\/\\\/secure.gravatar.com\\\/avatar\\\/359874fd676a9bfbf3a5d62f8bb888a22a657034662dd62c3669b5e7274a1365?s=96&d=mm&r=g\",\"contentUrl\":\"https:\\\/\\\/secure.gravatar.com\\\/avatar\\\/359874fd676a9bfbf3a5d62f8bb888a22a657034662dd62c3669b5e7274a1365?s=96&d=mm&r=g\",\"caption\":\"Miguel Blanco\"}}]}<\/script>\n<!-- \/ Yoast SEO plugin. -->","yoast_head_json":{"title":"Traje de flamenca: hist\u00f3ria, tipos e quando se usa","description":"Descobre a origem do traje de flamenca, os tipos que existem, os seus complementos e quando se usa de verdade. Guia de um tablao com mais de um s\u00e9culo.","robots":{"index":"index","follow":"follow","max-snippet":"max-snippet:-1","max-image-preview":"max-image-preview:large","max-video-preview":"max-video-preview:-1"},"canonical":"\/","og_locale":"pt_PT","og_type":"article","og_title":"Traje de flamenca: hist\u00f3ria, tipos e quando se usa","og_description":"Descobre a origem do traje de flamenca, os tipos que existem, os seus complementos e quando se usa de verdade. Guia de um tablao com mais de um s\u00e9culo.","og_url":"https:\/\/tablaoflamenco1911.com\/pt\/el-traje-de-flamenca\/","og_site_name":"Tablao Flamenco 1911","article_published_time":"2026-08-31T08:39:57+00:00","og_image":[{"width":1280,"height":853,"url":"https:\/\/tablaoflamenco1911.com\/wp-content\/uploads\/2026\/08\/photo-2026-08-27-12-15-52.jpg","type":"image\/jpeg"}],"author":"Miguel Blanco","twitter_card":"summary_large_image","twitter_misc":{"Escrito por":"Miguel Blanco","Tempo estimado de leitura":"4 minutos"},"schema":{"@context":"https:\/\/schema.org","@graph":[{"@type":"Article","@id":"https:\/\/tablaoflamenco1911.com\/es\/el-traje-de-flamenca\/#article","isPartOf":{"@id":"https:\/\/tablaoflamenco1911.com\/es\/el-traje-de-flamenca\/"},"author":{"name":"Miguel Blanco","@id":"https:\/\/tablaoflamenco1911.com\/es\/#\/schema\/person\/5c9c054f5ed0de8157b146ce7171d5e7"},"headline":"O traje de flamenca: hist\u00f3ria, tipos e quando se usa","datePublished":"2026-08-31T08:39:57+00:00","mainEntityOfPage":{"@id":"https:\/\/tablaoflamenco1911.com\/es\/el-traje-de-flamenca\/"},"wordCount":9232,"image":{"@id":"https:\/\/tablaoflamenco1911.com\/es\/el-traje-de-flamenca\/#primaryimage"},"thumbnailUrl":"https:\/\/tablaoflamenco1911.com\/wp-content\/uploads\/2026\/08\/photo-2026-08-27-12-15-52.jpg","articleSection":["Cultura Flamenca"],"inLanguage":"pt-PT"},{"@type":"WebPage","@id":"https:\/\/tablaoflamenco1911.com\/pt\/el-traje-de-flamenca\/","url":"https:\/\/tablaoflamenco1911.com\/pt\/el-traje-de-flamenca\/","name":"Traje de flamenca: hist\u00f3ria, tipos e quando se usa","isPartOf":{"@id":"https:\/\/tablaoflamenco1911.com\/pt\/#website"},"primaryImageOfPage":{"@id":"https:\/\/tablaoflamenco1911.com\/pt\/el-traje-de-flamenca\/#primaryimage"},"image":{"@id":"https:\/\/tablaoflamenco1911.com\/es\/el-traje-de-flamenca\/#primaryimage"},"thumbnailUrl":"https:\/\/tablaoflamenco1911.com\/wp-content\/uploads\/2026\/08\/photo-2026-08-27-12-15-52.jpg","datePublished":"2026-08-31T08:39:57+00:00","author":{"@id":"https:\/\/tablaoflamenco1911.com\/es\/#\/schema\/person\/5c9c054f5ed0de8157b146ce7171d5e7"},"description":"Descobre a origem do traje de flamenca, os tipos que existem, os seus complementos e quando se usa de verdade. Guia de um tablao com mais de um s\u00e9culo.","breadcrumb":{"@id":"https:\/\/tablaoflamenco1911.com\/pt\/el-traje-de-flamenca\/#breadcrumb"},"inLanguage":"pt-PT","potentialAction":[{"@type":"ReadAction","target":[["https:\/\/tablaoflamenco1911.com\/pt\/el-traje-de-flamenca\/"]]}]},{"@type":"ImageObject","inLanguage":"pt-PT","@id":"https:\/\/tablaoflamenco1911.com\/pt\/el-traje-de-flamenca\/#primaryimage","url":"https:\/\/tablaoflamenco1911.com\/wp-content\/uploads\/2026\/08\/photo-2026-08-27-12-15-52.jpg","contentUrl":"https:\/\/tablaoflamenco1911.com\/wp-content\/uploads\/2026\/08\/photo-2026-08-27-12-15-52.jpg","width":1280,"height":853,"caption":"Fotograf\u00eda de flamenco moda, 5 mujeres posando con Trajes de Flamenca o Trajes de feria"},{"@type":"BreadcrumbList","@id":"https:\/\/tablaoflamenco1911.com\/pt\/el-traje-de-flamenca\/#breadcrumb","itemListElement":[{"@type":"ListItem","position":1,"name":"Portada","item":"https:\/\/tablaoflamenco1911.com\/pt\/"},{"@type":"ListItem","position":2,"name":"Traje de flamenca"}]},{"@type":"WebSite","@id":"https:\/\/tablaoflamenco1911.com\/pt\/#website","url":"https:\/\/tablaoflamenco1911.com\/pt\/","name":"Tablao Flamenco 1911","description":"La Catedral del Flamenco en Madrid","potentialAction":[{"@type":"SearchAction","target":{"@type":"EntryPoint","urlTemplate":"https:\/\/tablaoflamenco1911.com\/pt\/?s={search_term_string}"},"query-input":{"@type":"PropertyValueSpecification","valueRequired":true,"valueName":"search_term_string"}}],"inLanguage":"pt-PT"},{"@type":"Person","@id":"https:\/\/tablaoflamenco1911.com\/es\/#\/schema\/person\/5c9c054f5ed0de8157b146ce7171d5e7","name":"Miguel Blanco","image":{"@type":"ImageObject","inLanguage":"pt-PT","@id":"https:\/\/secure.gravatar.com\/avatar\/359874fd676a9bfbf3a5d62f8bb888a22a657034662dd62c3669b5e7274a1365?s=96&d=mm&r=g","url":"https:\/\/secure.gravatar.com\/avatar\/359874fd676a9bfbf3a5d62f8bb888a22a657034662dd62c3669b5e7274a1365?s=96&d=mm&r=g","contentUrl":"https:\/\/secure.gravatar.com\/avatar\/359874fd676a9bfbf3a5d62f8bb888a22a657034662dd62c3669b5e7274a1365?s=96&d=mm&r=g","caption":"Miguel Blanco"}}]}},"_links":{"self":[{"href":"https:\/\/tablaoflamenco1911.com\/pt\/wp-json\/wp\/v2\/posts\/55613","targetHints":{"allow":["GET"]}}],"collection":[{"href":"https:\/\/tablaoflamenco1911.com\/pt\/wp-json\/wp\/v2\/posts"}],"about":[{"href":"https:\/\/tablaoflamenco1911.com\/pt\/wp-json\/wp\/v2\/types\/post"}],"author":[{"embeddable":true,"href":"https:\/\/tablaoflamenco1911.com\/pt\/wp-json\/wp\/v2\/users\/8"}],"replies":[{"embeddable":true,"href":"https:\/\/tablaoflamenco1911.com\/pt\/wp-json\/wp\/v2\/comments?post=55613"}],"version-history":[{"count":5,"href":"https:\/\/tablaoflamenco1911.com\/pt\/wp-json\/wp\/v2\/posts\/55613\/revisions"}],"predecessor-version":[{"id":55616,"href":"https:\/\/tablaoflamenco1911.com\/pt\/wp-json\/wp\/v2\/posts\/55613\/revisions\/55616"}],"wp:featuredmedia":[{"embeddable":true,"href":"https:\/\/tablaoflamenco1911.com\/pt\/wp-json\/wp\/v2\/media\/55599"}],"wp:attachment":[{"href":"https:\/\/tablaoflamenco1911.com\/pt\/wp-json\/wp\/v2\/media?parent=55613"}],"wp:term":[{"taxonomy":"category","embeddable":true,"href":"https:\/\/tablaoflamenco1911.com\/pt\/wp-json\/wp\/v2\/categories?post=55613"},{"taxonomy":"post_tag","embeddable":true,"href":"https:\/\/tablaoflamenco1911.com\/pt\/wp-json\/wp\/v2\/tags?post=55613"}],"curies":[{"name":"wp","href":"https:\/\/api.w.org\/{rel}","templated":true}]}}