{"id":55613,"date":"2026-08-31T10:39:57","date_gmt":"2026-08-31T08:39:57","guid":{"rendered":"https:\/\/tablaoflamenco1911.com\/es\/?p=55613"},"modified":"2026-08-27T15:46:12","modified_gmt":"2026-08-27T13:46:12","slug":"55613-2","status":"publish","type":"post","link":"https:\/\/tablaoflamenco1911.com\/it\/l-abito-di-flamenca\/","title":{"rendered":"L&#8217;abito di flamenca: storia, tipi e quando si indossa"},"content":{"rendered":"<p>\u00c8 probabilmente il capo spagnolo pi\u00f9 riconoscibile del mondo. Pois, volant, vita segnata e un volume che occupa l&#8217;intera strada. <strong>L&#8217;abito di flamenca non \u00e8 nato per il palcoscenico: \u00e8 nato per lavorare.<\/strong><\/p>\n<p>Vediamo cos&#8217;\u00e8 esattamente, da dove viene, che tipi esistono, come si completa e quando si indossa davvero.<\/p>\n<h2>Che cos&#8217;\u00e8 l&#8217;abito di flamenca (o abito di gitana?)<\/h2>\n<p>L&#8217;abito di flamenca \u00e8 il vestito femminile che si indossa nelle fiere e nei pellegrinaggi del sud della Spagna. Aderente fino ai fianchi, con la gonna che si apre in volant e, molto spesso, a pois.<\/p>\n<p>E qui la prima precisazione, perch\u00e9 genera dubbi: in Andalusia molti lo chiamano <strong>&#8220;traje de gitana&#8221;<\/strong> (abito di gitana), ed \u00e8 il nome tradizionale. &#8220;Traje de flamenca&#8221; \u00e8 la denominazione che si \u00e8 imposta col tempo, soprattutto fuori dalla Spagna. <strong>Entrambe sono corrette e indicano lo stesso capo<\/strong>; cambia solo l&#8217;usanza di ogni luogo e di ogni generazione.<\/p>\n<p>Ci\u00f2 che non conviene confondere \u00e8 l&#8217;abito da fiera con il <strong>costume di ballo<\/strong>. Si somigliano, ma non sono la stessa cosa, e alla fine dell&#8217;articolo capirai perch\u00e9.<\/p>\n<h2>L&#8217;origine: dalla veste da lavoro all&#8217;abito da fiera<\/h2>\n<p>Ecco la cosa bella di questo capo: nessuno l&#8217;ha disegnato per farlo sfilare. Viene dagli abiti da lavoro.<\/p>\n<p>Nelle fiere del bestiame dell&#8217;Ottocento, le donne che accompagnavano i mercanti indossavano <strong>semplici vesti di percalle con volant<\/strong>, comode ed economiche, per camminare tra animali e polvere. Quelle umili vesti iniziarono a farsi notare per la loro grazia e, poco a poco, salirono di categoria: tessuti migliori, pi\u00f9 volant, pi\u00f9 ornamenti.<\/p>\n<p><strong>Quello che era un abito da lavoro fin\u00ec per essere l&#8217;abito ufficiale della festa.<\/strong> Quel salto si consolid\u00f2 nel corso del Novecento, fino a diventare l&#8217;unico costume regionale spagnolo che segue una moda, con collezioni e tendenze ogni stagione.<\/p>\n<h2>Tipi di abito di flamenca<\/h2>\n<p>Non esiste un abito di flamenca, ne esistono molti. Questi sono i tagli che si vedono pi\u00f9 spesso:<\/p>\n<p><strong>Canastero.<\/strong> Il pi\u00f9 gitano e il pi\u00f9 riconoscibile: molto aderente fino alle ginocchia e con uno o due grandi volant che si aprono all&#8217;improvviso. Modella la figura e obbliga a camminare con una certa aria, il che fa parte del suo fascino.<\/p>\n<p><strong>A volant.<\/strong> Il classico della feria: diversi volant scalati dai fianchi, con molto volume. Pi\u00f9 volant, pi\u00f9 movimento e pi\u00f9 peso.<\/p>\n<p><strong>Taglio a sirena.<\/strong> Aderente fin molto in basso, con il volume concentrato alla fine. Elegante e affusolato.<\/p>\n<p>E poi ci sono le varianti di manica, scollo e gonna che cambiano ogni stagione. Perch\u00e9, insistiamo, <strong>l&#8217;abito di flamenca ha una moda propria<\/strong>: quello che si porta un anno non \u00e8 quello di cinque anni prima.<\/p>\n<h2>Gli accessori: peineta, fiore e scialle<\/h2>\n<p>L&#8217;abito \u00e8 solo la met\u00e0. L&#8217;altra met\u00e0 sono gli accessori, ed \u00e8 l\u00ec che si vede chi ne sa:<\/p>\n<ul>\n<li><strong>Il fiore<\/strong>, sistemato nei capelli, grande o discreto, da un lato.<\/li>\n<li><strong>La <a href=\"https:\/\/tablaoflamenco1911.com\/it\/peineta-flamenca\/\">peineta flamenca<\/a><\/strong>, che d\u00e0 altezza allo chignon.<\/li>\n<li><strong>Il mantoncillo<\/strong>, incrociato sulle spalle e annodato sul petto.<\/li>\n<li><strong>Gli zarcillos<\/strong>, quegli orecchini grandi che si muovono camminando.<\/li>\n<li><strong>Il mant\u00f3n de Manila<\/strong> ricamato, per le notti fresche e per le immagini pi\u00f9 signorili.<\/li>\n<\/ul>\n<p>La regola \u00e8 la stessa di tutto il flamenco: <strong>l&#8217;equilibrio prima della quantit\u00e0<\/strong>. Un abito ben portato con due accessori giusti vince sempre su uno sovraccarico.<\/p>\n<h2>Quando si indossa davvero (e come andare a una feria senza)<\/h2>\n<p>Siamo chiari. L&#8217;abito di flamenca si indossa alla <strong>Feria de Abril, nelle fiere dei paesi e nei pellegrinaggi<\/strong> come quello del Roc\u00edo. \u00c8 l\u00ec che ha senso e dove si vede a migliaia.<\/p>\n<p>E una risposta onesta a un dubbio molto comune: <strong>non serve un abito di flamenca per andare a una feria.<\/strong> Tantissima gente ci va senza, e non succede niente. Funzionano altrettanto bene una gonna a volant, un vestito semplice con un fiore nei capelli o un mantoncillo su qualcosa di neutro. Ci\u00f2 che non si usa \u00e8 travestirsi: meglio andare comodi e con un accenno che forzare un abito noleggiato che non ti sta.<\/p>\n<p>E in un tablao, cosa si indossa? Anche qui una precisazione: <strong>la bailaora non balla con l&#8217;abito da fiera<\/strong>. Sul palco si usa il costume di ballo \u2014gonne ampie, bata de cola\u2014, pensato per muoversi, e il pubblico viene come vuole, senza codice di abbigliamento. Come succede con la peineta o il cappello cordovano, ogni cosa ha il suo momento.<\/p>\n<p><img loading=\"lazy\" decoding=\"async\" width=\"820\" height=\"1024\" class=\"aligncenter size-large wp-image-55575\" src=\"https:\/\/tablaoflamenco1911.com\/wp-content\/uploads\/2026\/08\/traje-flamenca-paula-820x1024.webp\" alt=\"\" \/><\/p>\n<p>Detto questo, l&#8217;immagine dell&#8217;abito di flamenca \u00e8 inseparabile dall&#8217;immagine del flamenco nel mondo, e vederla nel suo ambiente non ha prezzo. Se vuoi vivere l&#8217;arte che sta dietro a tutto questo, vieni al nostro <a href=\"https:\/\/tablaoflamenco1911.com\/it\/\">tablao flamenco a Madrid<\/a> e sentila a un paio di metri.<\/p>","protected":false},"excerpt":{"rendered":"\u00c8 probabilmente il capo spagnolo pi\u00f9 riconoscibile del mondo. Pois, volant, vita segnata e un volume che occupa l&#8217;intera strada. L&#8217;abito di flamenca non \u00e8 nato per il palcoscenico: \u00e8 nato per lavorare. Vediamo cos&#8217;\u00e8 esattamente, da dove viene, che tipi esistono, come si completa e quando si indossa davvero. Che cos&#8217;\u00e8 l&#8217;abito di flamenca&#8230;","protected":false},"author":8,"featured_media":55599,"comment_status":"closed","ping_status":"closed","sticky":false,"template":"","format":"standard","meta":{"_acf_changed":false,"inline_featured_image":false,"footnotes":""},"categories":[19],"tags":[],"class_list":["post-55613","post","type-post","status-publish","format-standard","has-post-thumbnail","hentry","category-cultura-flamenca"],"acf":[],"yoast_head":"<!-- This site is optimized with the Yoast SEO plugin v28.4 - https:\/\/yoast.com\/product\/yoast-seo-wordpress\/ -->\n<title>Abito di flamenca: storia, tipi e quando indossarlo<\/title>\n<meta name=\"description\" content=\"Scopri l&#039;origine dell&#039;abito di flamenca, i tipi che esistono, i suoi accessori e quando si indossa davvero. La guida di un tablao con oltre un secolo di storia.\" \/>\n<meta name=\"robots\" content=\"index, follow, max-snippet:-1, max-image-preview:large, max-video-preview:-1\" \/>\n<link rel=\"canonical\" href=\"\/\" \/>\n<meta property=\"og:locale\" content=\"it_IT\" \/>\n<meta property=\"og:type\" content=\"article\" \/>\n<meta property=\"og:title\" content=\"Abito di flamenca: storia, tipi e quando indossarlo\" \/>\n<meta property=\"og:description\" content=\"Scopri l&#039;origine dell&#039;abito di flamenca, i tipi che esistono, i suoi accessori e quando si indossa davvero. La guida di un tablao con oltre un secolo di storia.\" \/>\n<meta property=\"og:url\" content=\"https:\/\/tablaoflamenco1911.com\/it\/el-traje-de-flamenca\/\" \/>\n<meta property=\"og:site_name\" content=\"Tablao Flamenco 1911\" \/>\n<meta property=\"article:published_time\" content=\"2026-08-31T08:39:57+00:00\" \/>\n<meta property=\"og:image\" content=\"https:\/\/tablaoflamenco1911.com\/wp-content\/uploads\/2026\/08\/photo-2026-08-27-12-15-52.jpg\" \/>\n\t<meta property=\"og:image:width\" content=\"1280\" \/>\n\t<meta property=\"og:image:height\" content=\"853\" \/>\n\t<meta property=\"og:image:type\" content=\"image\/jpeg\" \/>\n<meta name=\"author\" content=\"Miguel Blanco\" \/>\n<meta name=\"twitter:card\" content=\"summary_large_image\" \/>\n<meta name=\"twitter:label1\" content=\"Scritto da\" \/>\n\t<meta name=\"twitter:data1\" content=\"Miguel Blanco\" \/>\n\t<meta name=\"twitter:label2\" content=\"Tempo di lettura stimato\" \/>\n\t<meta name=\"twitter:data2\" content=\"4 minuti\" \/>\n<script type=\"application\/ld+json\" class=\"yoast-schema-graph\">{\"@context\":\"https:\\\/\\\/schema.org\",\"@graph\":[{\"@type\":\"Article\",\"@id\":\"https:\\\/\\\/tablaoflamenco1911.com\\\/es\\\/el-traje-de-flamenca\\\/#article\",\"isPartOf\":{\"@id\":\"https:\\\/\\\/tablaoflamenco1911.com\\\/es\\\/el-traje-de-flamenca\\\/\"},\"author\":{\"name\":\"Miguel Blanco\",\"@id\":\"https:\\\/\\\/tablaoflamenco1911.com\\\/es\\\/#\\\/schema\\\/person\\\/5c9c054f5ed0de8157b146ce7171d5e7\"},\"headline\":\"L&#8217;abito di flamenca: storia, tipi e quando si indossa\",\"datePublished\":\"2026-08-31T08:39:57+00:00\",\"mainEntityOfPage\":{\"@id\":\"https:\\\/\\\/tablaoflamenco1911.com\\\/es\\\/el-traje-de-flamenca\\\/\"},\"wordCount\":9232,\"image\":{\"@id\":\"https:\\\/\\\/tablaoflamenco1911.com\\\/es\\\/el-traje-de-flamenca\\\/#primaryimage\"},\"thumbnailUrl\":\"https:\\\/\\\/tablaoflamenco1911.com\\\/wp-content\\\/uploads\\\/2026\\\/08\\\/photo-2026-08-27-12-15-52.jpg\",\"articleSection\":[\"Cultura Flamenca\"],\"inLanguage\":\"it-IT\"},{\"@type\":\"WebPage\",\"@id\":\"https:\\\/\\\/tablaoflamenco1911.com\\\/it\\\/el-traje-de-flamenca\\\/\",\"url\":\"https:\\\/\\\/tablaoflamenco1911.com\\\/it\\\/el-traje-de-flamenca\\\/\",\"name\":\"Abito di flamenca: storia, tipi e quando indossarlo\",\"isPartOf\":{\"@id\":\"https:\\\/\\\/tablaoflamenco1911.com\\\/it\\\/#website\"},\"primaryImageOfPage\":{\"@id\":\"https:\\\/\\\/tablaoflamenco1911.com\\\/it\\\/el-traje-de-flamenca\\\/#primaryimage\"},\"image\":{\"@id\":\"https:\\\/\\\/tablaoflamenco1911.com\\\/es\\\/el-traje-de-flamenca\\\/#primaryimage\"},\"thumbnailUrl\":\"https:\\\/\\\/tablaoflamenco1911.com\\\/wp-content\\\/uploads\\\/2026\\\/08\\\/photo-2026-08-27-12-15-52.jpg\",\"datePublished\":\"2026-08-31T08:39:57+00:00\",\"author\":{\"@id\":\"https:\\\/\\\/tablaoflamenco1911.com\\\/es\\\/#\\\/schema\\\/person\\\/5c9c054f5ed0de8157b146ce7171d5e7\"},\"description\":\"Scopri l'origine dell'abito di flamenca, i tipi che esistono, i suoi accessori e quando si indossa davvero. La guida di un tablao con oltre un secolo di storia.\",\"breadcrumb\":{\"@id\":\"https:\\\/\\\/tablaoflamenco1911.com\\\/it\\\/el-traje-de-flamenca\\\/#breadcrumb\"},\"inLanguage\":\"it-IT\",\"potentialAction\":[{\"@type\":\"ReadAction\",\"target\":[[\"https:\\\/\\\/tablaoflamenco1911.com\\\/it\\\/el-traje-de-flamenca\\\/\"]]}]},{\"@type\":\"ImageObject\",\"inLanguage\":\"it-IT\",\"@id\":\"https:\\\/\\\/tablaoflamenco1911.com\\\/it\\\/el-traje-de-flamenca\\\/#primaryimage\",\"url\":\"https:\\\/\\\/tablaoflamenco1911.com\\\/wp-content\\\/uploads\\\/2026\\\/08\\\/photo-2026-08-27-12-15-52.jpg\",\"contentUrl\":\"https:\\\/\\\/tablaoflamenco1911.com\\\/wp-content\\\/uploads\\\/2026\\\/08\\\/photo-2026-08-27-12-15-52.jpg\",\"width\":1280,\"height\":853,\"caption\":\"Fotograf\u00eda de flamenco moda, 5 mujeres posando con Trajes de Flamenca o Trajes de feria\"},{\"@type\":\"BreadcrumbList\",\"@id\":\"https:\\\/\\\/tablaoflamenco1911.com\\\/it\\\/el-traje-de-flamenca\\\/#breadcrumb\",\"itemListElement\":[{\"@type\":\"ListItem\",\"position\":1,\"name\":\"Portada\",\"item\":\"https:\\\/\\\/tablaoflamenco1911.com\\\/it\\\/\"},{\"@type\":\"ListItem\",\"position\":2,\"name\":\"Abito di flamenca\"}]},{\"@type\":\"WebSite\",\"@id\":\"https:\\\/\\\/tablaoflamenco1911.com\\\/it\\\/#website\",\"url\":\"https:\\\/\\\/tablaoflamenco1911.com\\\/it\\\/\",\"name\":\"Tablao Flamenco 1911\",\"description\":\"La Catedral del Flamenco en Madrid\",\"potentialAction\":[{\"@type\":\"SearchAction\",\"target\":{\"@type\":\"EntryPoint\",\"urlTemplate\":\"https:\\\/\\\/tablaoflamenco1911.com\\\/it\\\/?s={search_term_string}\"},\"query-input\":{\"@type\":\"PropertyValueSpecification\",\"valueRequired\":true,\"valueName\":\"search_term_string\"}}],\"inLanguage\":\"it-IT\"},{\"@type\":\"Person\",\"@id\":\"https:\\\/\\\/tablaoflamenco1911.com\\\/es\\\/#\\\/schema\\\/person\\\/5c9c054f5ed0de8157b146ce7171d5e7\",\"name\":\"Miguel Blanco\",\"image\":{\"@type\":\"ImageObject\",\"inLanguage\":\"it-IT\",\"@id\":\"https:\\\/\\\/secure.gravatar.com\\\/avatar\\\/359874fd676a9bfbf3a5d62f8bb888a22a657034662dd62c3669b5e7274a1365?s=96&d=mm&r=g\",\"url\":\"https:\\\/\\\/secure.gravatar.com\\\/avatar\\\/359874fd676a9bfbf3a5d62f8bb888a22a657034662dd62c3669b5e7274a1365?s=96&d=mm&r=g\",\"contentUrl\":\"https:\\\/\\\/secure.gravatar.com\\\/avatar\\\/359874fd676a9bfbf3a5d62f8bb888a22a657034662dd62c3669b5e7274a1365?s=96&d=mm&r=g\",\"caption\":\"Miguel Blanco\"}}]}<\/script>\n<!-- \/ Yoast SEO plugin. -->","yoast_head_json":{"title":"Abito di flamenca: storia, tipi e quando indossarlo","description":"Scopri l'origine dell'abito di flamenca, i tipi che esistono, i suoi accessori e quando si indossa davvero. La guida di un tablao con oltre un secolo di storia.","robots":{"index":"index","follow":"follow","max-snippet":"max-snippet:-1","max-image-preview":"max-image-preview:large","max-video-preview":"max-video-preview:-1"},"canonical":"\/","og_locale":"it_IT","og_type":"article","og_title":"Abito di flamenca: storia, tipi e quando indossarlo","og_description":"Scopri l'origine dell'abito di flamenca, i tipi che esistono, i suoi accessori e quando si indossa davvero. La guida di un tablao con oltre un secolo di storia.","og_url":"https:\/\/tablaoflamenco1911.com\/it\/el-traje-de-flamenca\/","og_site_name":"Tablao Flamenco 1911","article_published_time":"2026-08-31T08:39:57+00:00","og_image":[{"width":1280,"height":853,"url":"https:\/\/tablaoflamenco1911.com\/wp-content\/uploads\/2026\/08\/photo-2026-08-27-12-15-52.jpg","type":"image\/jpeg"}],"author":"Miguel Blanco","twitter_card":"summary_large_image","twitter_misc":{"Scritto da":"Miguel Blanco","Tempo di lettura stimato":"4 minuti"},"schema":{"@context":"https:\/\/schema.org","@graph":[{"@type":"Article","@id":"https:\/\/tablaoflamenco1911.com\/es\/el-traje-de-flamenca\/#article","isPartOf":{"@id":"https:\/\/tablaoflamenco1911.com\/es\/el-traje-de-flamenca\/"},"author":{"name":"Miguel Blanco","@id":"https:\/\/tablaoflamenco1911.com\/es\/#\/schema\/person\/5c9c054f5ed0de8157b146ce7171d5e7"},"headline":"L&#8217;abito di flamenca: storia, tipi e quando si indossa","datePublished":"2026-08-31T08:39:57+00:00","mainEntityOfPage":{"@id":"https:\/\/tablaoflamenco1911.com\/es\/el-traje-de-flamenca\/"},"wordCount":9232,"image":{"@id":"https:\/\/tablaoflamenco1911.com\/es\/el-traje-de-flamenca\/#primaryimage"},"thumbnailUrl":"https:\/\/tablaoflamenco1911.com\/wp-content\/uploads\/2026\/08\/photo-2026-08-27-12-15-52.jpg","articleSection":["Cultura Flamenca"],"inLanguage":"it-IT"},{"@type":"WebPage","@id":"https:\/\/tablaoflamenco1911.com\/it\/el-traje-de-flamenca\/","url":"https:\/\/tablaoflamenco1911.com\/it\/el-traje-de-flamenca\/","name":"Abito di flamenca: storia, tipi e quando indossarlo","isPartOf":{"@id":"https:\/\/tablaoflamenco1911.com\/it\/#website"},"primaryImageOfPage":{"@id":"https:\/\/tablaoflamenco1911.com\/it\/el-traje-de-flamenca\/#primaryimage"},"image":{"@id":"https:\/\/tablaoflamenco1911.com\/es\/el-traje-de-flamenca\/#primaryimage"},"thumbnailUrl":"https:\/\/tablaoflamenco1911.com\/wp-content\/uploads\/2026\/08\/photo-2026-08-27-12-15-52.jpg","datePublished":"2026-08-31T08:39:57+00:00","author":{"@id":"https:\/\/tablaoflamenco1911.com\/es\/#\/schema\/person\/5c9c054f5ed0de8157b146ce7171d5e7"},"description":"Scopri l'origine dell'abito di flamenca, i tipi che esistono, i suoi accessori e quando si indossa davvero. La guida di un tablao con oltre un secolo di storia.","breadcrumb":{"@id":"https:\/\/tablaoflamenco1911.com\/it\/el-traje-de-flamenca\/#breadcrumb"},"inLanguage":"it-IT","potentialAction":[{"@type":"ReadAction","target":[["https:\/\/tablaoflamenco1911.com\/it\/el-traje-de-flamenca\/"]]}]},{"@type":"ImageObject","inLanguage":"it-IT","@id":"https:\/\/tablaoflamenco1911.com\/it\/el-traje-de-flamenca\/#primaryimage","url":"https:\/\/tablaoflamenco1911.com\/wp-content\/uploads\/2026\/08\/photo-2026-08-27-12-15-52.jpg","contentUrl":"https:\/\/tablaoflamenco1911.com\/wp-content\/uploads\/2026\/08\/photo-2026-08-27-12-15-52.jpg","width":1280,"height":853,"caption":"Fotograf\u00eda de flamenco moda, 5 mujeres posando con Trajes de Flamenca o Trajes de feria"},{"@type":"BreadcrumbList","@id":"https:\/\/tablaoflamenco1911.com\/it\/el-traje-de-flamenca\/#breadcrumb","itemListElement":[{"@type":"ListItem","position":1,"name":"Portada","item":"https:\/\/tablaoflamenco1911.com\/it\/"},{"@type":"ListItem","position":2,"name":"Abito di flamenca"}]},{"@type":"WebSite","@id":"https:\/\/tablaoflamenco1911.com\/it\/#website","url":"https:\/\/tablaoflamenco1911.com\/it\/","name":"Tablao Flamenco 1911","description":"La Catedral del Flamenco en Madrid","potentialAction":[{"@type":"SearchAction","target":{"@type":"EntryPoint","urlTemplate":"https:\/\/tablaoflamenco1911.com\/it\/?s={search_term_string}"},"query-input":{"@type":"PropertyValueSpecification","valueRequired":true,"valueName":"search_term_string"}}],"inLanguage":"it-IT"},{"@type":"Person","@id":"https:\/\/tablaoflamenco1911.com\/es\/#\/schema\/person\/5c9c054f5ed0de8157b146ce7171d5e7","name":"Miguel Blanco","image":{"@type":"ImageObject","inLanguage":"it-IT","@id":"https:\/\/secure.gravatar.com\/avatar\/359874fd676a9bfbf3a5d62f8bb888a22a657034662dd62c3669b5e7274a1365?s=96&d=mm&r=g","url":"https:\/\/secure.gravatar.com\/avatar\/359874fd676a9bfbf3a5d62f8bb888a22a657034662dd62c3669b5e7274a1365?s=96&d=mm&r=g","contentUrl":"https:\/\/secure.gravatar.com\/avatar\/359874fd676a9bfbf3a5d62f8bb888a22a657034662dd62c3669b5e7274a1365?s=96&d=mm&r=g","caption":"Miguel Blanco"}}]}},"_links":{"self":[{"href":"https:\/\/tablaoflamenco1911.com\/it\/wp-json\/wp\/v2\/posts\/55613","targetHints":{"allow":["GET"]}}],"collection":[{"href":"https:\/\/tablaoflamenco1911.com\/it\/wp-json\/wp\/v2\/posts"}],"about":[{"href":"https:\/\/tablaoflamenco1911.com\/it\/wp-json\/wp\/v2\/types\/post"}],"author":[{"embeddable":true,"href":"https:\/\/tablaoflamenco1911.com\/it\/wp-json\/wp\/v2\/users\/8"}],"replies":[{"embeddable":true,"href":"https:\/\/tablaoflamenco1911.com\/it\/wp-json\/wp\/v2\/comments?post=55613"}],"version-history":[{"count":5,"href":"https:\/\/tablaoflamenco1911.com\/it\/wp-json\/wp\/v2\/posts\/55613\/revisions"}],"predecessor-version":[{"id":55616,"href":"https:\/\/tablaoflamenco1911.com\/it\/wp-json\/wp\/v2\/posts\/55613\/revisions\/55616"}],"wp:featuredmedia":[{"embeddable":true,"href":"https:\/\/tablaoflamenco1911.com\/it\/wp-json\/wp\/v2\/media\/55599"}],"wp:attachment":[{"href":"https:\/\/tablaoflamenco1911.com\/it\/wp-json\/wp\/v2\/media?parent=55613"}],"wp:term":[{"taxonomy":"category","embeddable":true,"href":"https:\/\/tablaoflamenco1911.com\/it\/wp-json\/wp\/v2\/categories?post=55613"},{"taxonomy":"post_tag","embeddable":true,"href":"https:\/\/tablaoflamenco1911.com\/it\/wp-json\/wp\/v2\/tags?post=55613"}],"curies":[{"name":"wp","href":"https:\/\/api.w.org\/{rel}","templated":true}]}}