{"id":53871,"date":"2025-04-21T15:27:56","date_gmt":"2025-04-21T13:27:56","guid":{"rendered":"https:\/\/tablaoflamenco1911.com\/es\/?p=53871"},"modified":"2026-03-02T17:06:37","modified_gmt":"2026-03-02T16:06:37","slug":"que-son-los-palos-del-flamenco-guia-introductoria-para-entender-el-arte-jondo","status":"publish","type":"post","link":"https:\/\/tablaoflamenco1911.com\/it\/palos-flamenco\/","title":{"rendered":"Cosa sono i Palos del Flamenco?"},"content":{"rendered":"<p><\/p>\n<p class=\"\" data-start=\"2486\" data-end=\"2737\"><strong data-start=\"2486\" data-end=\"2498\">Flamenco<\/strong>: Passione, ritmo, anima. Sicuramente ti suonano familiari queste parole. Ma il flamenco \u00e8 molto pi\u00f9 di un\u2019immagine congelata: \u00e8 un universo vibrante e ricco di sfumature. Il segreto della sua ricchezza e variet\u00e0? I <strong data-start=\"2714\" data-end=\"2736\">palos del flamenco<\/strong>.<\/p>\n<p class=\"\" data-start=\"2739\" data-end=\"3038\">Se sei curioso di sapere cosa distingue un\u2019Alegr\u00eda da una Sole\u00e1, o perch\u00e9 certi canti ti commuovono nel profondo e altri ti fanno venire voglia di ballare, continua a leggere! Scopriremo insieme cosa sono i <strong data-start=\"2946\" data-end=\"2968\">palos del flamenco<\/strong>. Preparati a fare il primo passo per comprendere davvero il flamenco.<\/p>\n<h2 class=\"\" data-start=\"464\" data-end=\"512\">L\u2019Essenza del Flamenco: Oltre un Solo Stile<\/h2>\n<p class=\"\" data-start=\"3544\" data-end=\"3637\">Pensa al flamenco come a un albero immenso e pieno di vita, con radici profonde in Andalusia.<\/p>\n<p class=\"\" data-start=\"3639\" data-end=\"3854\">I <strong data-start=\"3641\" data-end=\"3663\">palos del flamenco<\/strong> sarebbero i suoi rami principali, ognuno con foglie e fiori unici. Ogni <strong data-start=\"3736\" data-end=\"3746\">&#8220;palo&#8221;<\/strong> \u00e8, in sostanza, uno stile diverso, una forma musicale distinta all\u2019interno del vasto universo del flamenco.<\/p>\n<p class=\"\" data-start=\"3856\" data-end=\"4028\">Ognuno ha il suo carattere inconfondibile, il suo ritmo particolare (il famoso <em data-start=\"3935\" data-end=\"3943\">comp\u00e1s<\/em>), le sue melodie tipiche e anche storie e origini geografiche che lo caratterizzano.<\/p>\n<p class=\"\" data-start=\"4030\" data-end=\"4141\">Il lamento profondo di una <strong data-start=\"4057\" data-end=\"4070\">Seguiriya<\/strong> non ha la stessa vibrazione dello slancio festoso di una <strong data-start=\"4128\" data-end=\"4140\">Buler\u00edas<\/strong>.<\/p>\n<p class=\"\" data-start=\"4143\" data-end=\"4319\">Ogni <strong data-start=\"4148\" data-end=\"4156\">palo<\/strong> ha il suo <em data-start=\"4167\" data-end=\"4173\">aire<\/em>, quell\u2019atmosfera unica, quella sensazione che gli artisti sanno trasmettere con maestria attraverso la voce, il corpo o le corde di una chitarra.<\/p>\n<p class=\"\" data-start=\"4321\" data-end=\"4404\">Comprendere questa diversit\u00e0 \u00e8 il primo passo per capire la struttura del flamenco.<\/p>\n<h2 class=\"\" data-start=\"459\" data-end=\"507\">Il Comp\u00e1s: Il Battito che Distingue i Palos<\/h2>\n<p class=\"\" data-start=\"3236\" data-end=\"3356\">Ecco una delle grandi chiavi (e a volte una piccola sfida!) per capire i <strong data-start=\"3309\" data-end=\"3331\">palos del flamenco<\/strong>: il <strong data-start=\"3336\" data-end=\"3355\">comp\u00e1s flamenco<\/strong>.<\/p>\n<p class=\"\" data-start=\"3358\" data-end=\"3547\">Il pi\u00f9 famoso \u00e8 un ciclo di <strong data-start=\"3386\" data-end=\"3398\">12 tempi<\/strong>, ma non conteggiato in modo qualsiasi: gli accenti cadono dove meno te lo aspetti, ed \u00e8 proprio questo a dargli quel sapore speciale ed emozionante!<\/p>\n<p class=\"\" data-start=\"3549\" data-end=\"3770\">Non preoccuparti ora della teoria (dedicheremo un intero post al <strong data-start=\"3614\" data-end=\"3624\">comp\u00e1s<\/strong>!), ma tieni a mente questo: questo ritmo di <strong data-start=\"3669\" data-end=\"3681\">12 tempi<\/strong> \u00e8 il cuore di <strong data-start=\"3696\" data-end=\"3705\">palos<\/strong> importanti come la <strong data-start=\"3725\" data-end=\"3734\">Sole\u00e1<\/strong>, le <strong data-start=\"3739\" data-end=\"3751\">Alegr\u00edas<\/strong> e le <strong data-start=\"3757\" data-end=\"3769\">Buler\u00edas<\/strong>.<\/p>\n<p class=\"\" data-start=\"3772\" data-end=\"3929\">Altri <strong data-start=\"3778\" data-end=\"3787\">palos<\/strong>, come i <strong data-start=\"3796\" data-end=\"3809\">Fandangos<\/strong> o i <strong data-start=\"3814\" data-end=\"3824\">Tangos<\/strong>, usano ritmi pi\u00f9 semplici (di 3 o 4 tempi). Hai gi\u00e0 un indizio fondamentale per iniziare a distinguerli!<\/p>\n<h2 class=\"\" data-start=\"450\" data-end=\"511\">Famiglie Principali dei Palos Flamencos (per cominciare)<\/h2>\n<p><span style=\"font-weight: 400;\"><img loading=\"lazy\" decoding=\"async\" class=\"aligncenter wp-image-53918 size-large\" src=\"https:\/\/tablaoflamenco1911.com\/wp-content\/uploads\/2025\/04\/esquema_cante_flamenco-1-1024x683.png\" alt=\"Arbol esquema de todos los Palos del Flamenco\" width=\"900\" height=\"600\" \/><\/span><\/p>\n<p class=\"\" data-start=\"2636\" data-end=\"2746\">L\u2019albero del flamenco ha moltissimi rami! Si parla di oltre <strong data-start=\"2696\" data-end=\"2719\">50 palos catalogati<\/strong>, un vero tesoro culturale.<\/p>\n<p class=\"\" data-start=\"2748\" data-end=\"2896\">Per non perdersi in questa meravigliosa giungla di suoni ed emozioni, possiamo raggrupparli in \u201cfamiglie\u201d, in base all\u2019aria, all\u2019origine o al ritmo.<\/p>\n<p class=\"\" data-start=\"2898\" data-end=\"2984\">Esistono pi\u00f9 di <strong data-start=\"2914\" data-end=\"2939\">50 palos del flamenco<\/strong> catalogati \u2014 ecco alcuni dei pi\u00f9 importanti:<\/p>\n<h3 class=\"\" data-start=\"2986\" data-end=\"3029\">Gruppo della Sole\u00e1: La Colonna Portante<\/h3>\n<p class=\"\" data-start=\"3031\" data-end=\"3303\">Considerata la \u201cmadre del canto\u201d, la <strong data-start=\"3068\" data-end=\"3077\">Sole\u00e1<\/strong> \u00e8 l\u2019essenza pura del <strong data-start=\"3099\" data-end=\"3117\">flamenco jondo<\/strong> (profondo). Il suo <strong data-start=\"3137\" data-end=\"3158\">comp\u00e1s a 12 tempi<\/strong> \u00e8 lento e solenne. I testi parlano di dolore, amore e sentimento profondo. Da essa derivano altri stili, come la ritmica <strong data-start=\"3280\" data-end=\"3302\">Sole\u00e1 por Buler\u00edas<\/strong>.<\/p>\n<h3 class=\"\" data-start=\"3305\" data-end=\"3352\">Gruppo della Seguiriya: Il Lamento Profondo<\/h3>\n<p class=\"\" data-start=\"3354\" data-end=\"3562\">Se cerchi il dramma e la tragedia cantata, qui li troverai. La <strong data-start=\"3417\" data-end=\"3430\">Seguiriya<\/strong> e i suoi parenti (<strong data-start=\"3449\" data-end=\"3460\">Liviana<\/strong>, <strong data-start=\"3462\" data-end=\"3473\">Serrana<\/strong>) sono l\u2019espressione del dolore pi\u00f9 profondo, con un <strong data-start=\"3526\" data-end=\"3536\">comp\u00e1s<\/strong> complesso e affascinante.<\/p>\n<h3 class=\"\" data-start=\"3564\" data-end=\"3608\">Gruppo delle Canti\u00f1as: Il Sale di Cadice<\/h3>\n<p class=\"\" data-start=\"3610\" data-end=\"3836\">Andiamo alla Baia! Questi stili portano luce e grazia nel <strong data-start=\"3668\" data-end=\"3689\">comp\u00e1s a 12 tempi<\/strong>. Le <strong data-start=\"3694\" data-end=\"3706\">Alegr\u00edas<\/strong> sono le regine di questa famiglia, con danza elegante e canto ottimista. Ci sono anche <strong data-start=\"3794\" data-end=\"3807\">Caracoles<\/strong>, <strong data-start=\"3809\" data-end=\"3821\">Mirabr\u00e1s<\/strong> e <strong data-start=\"3824\" data-end=\"3835\">Romeras<\/strong>.<\/p>\n<h3 class=\"\" data-start=\"3838\" data-end=\"3876\">Gruppo dei Tangos: Ritmo e Cadenza<\/h3>\n<p class=\"\" data-start=\"3878\" data-end=\"4164\">Qui passiamo a un <strong data-start=\"3896\" data-end=\"3906\">comp\u00e1s<\/strong> pi\u00f9 diretto, di <strong data-start=\"3923\" data-end=\"3934\">4 tempi<\/strong>. I <strong data-start=\"3938\" data-end=\"3958\">Tangos flamencos<\/strong> (attenzione, non quelli argentini!) invitano al movimento con un\u2019aria sensuale e accattivante. Comprendono varianti come i <strong data-start=\"4082\" data-end=\"4093\">Tientos<\/strong> (pi\u00f9 lenti) o <strong data-start=\"4108\" data-end=\"4125\">palos festosi<\/strong> come la <strong data-start=\"4134\" data-end=\"4145\">Farruca<\/strong> e il <strong data-start=\"4151\" data-end=\"4163\">Garrot\u00edn<\/strong>.<\/p>\n<h3 class=\"\" data-start=\"4166\" data-end=\"4211\">Gruppo dei Fandangos: Ricchezza e Variet\u00e0<\/h3>\n<p class=\"\" data-start=\"4213\" data-end=\"4532\">Una famiglia vasta e antichissima, con <strong data-start=\"4252\" data-end=\"4272\">comp\u00e1s a 3 tempi<\/strong>. Esistono infinite varianti: i famosi <strong data-start=\"4311\" data-end=\"4334\">Fandangos de Huelva<\/strong> (ogni paese ha il suo stile), i <strong data-start=\"4367\" data-end=\"4390\">fandangos personali<\/strong> (creazioni di grandi cantaores) e <strong data-start=\"4425\" data-end=\"4434\">palos<\/strong> come la <strong data-start=\"4443\" data-end=\"4456\">Malague\u00f1a<\/strong>, la <strong data-start=\"4461\" data-end=\"4473\">Grana\u00edna<\/strong> o la <strong data-start=\"4479\" data-end=\"4490\">Taranta<\/strong>, nate nel Levante e nelle zone minerarie.<\/p>\n<h3 class=\"\" data-start=\"4534\" data-end=\"4581\">Cantes de Ida y Vuelta: Echi da Altri Mondi<\/h3>\n<p class=\"\" data-start=\"4583\" data-end=\"4823\">Sono <strong data-start=\"4588\" data-end=\"4597\">palos<\/strong> con una storia migrante. Andati in America, si sono mescolati con i ritmi locali e sono tornati trasformati. La <strong data-start=\"4710\" data-end=\"4721\">Guajira<\/strong>, la <strong data-start=\"4726\" data-end=\"4740\">Colombiana<\/strong>, la <strong data-start=\"4745\" data-end=\"4756\">Milonga<\/strong>, la <strong data-start=\"4761\" data-end=\"4779\">Rumba flamenca<\/strong>\u2026 hanno un sapore speciale e inconfondibile.<\/p>\n<h3 class=\"\" data-start=\"4825\" data-end=\"4843\">E Molti Altri!<\/h3>\n<p class=\"\" data-start=\"4845\" data-end=\"5134\">Non possiamo dimenticare le <strong data-start=\"4873\" data-end=\"4885\">Buler\u00edas<\/strong> (la festa fatta <strong data-start=\"4902\" data-end=\"4923\">comp\u00e1s a 12 tempi<\/strong>, immancabili alla fine di qualsiasi riunione flamenca), i <strong data-start=\"4982\" data-end=\"5017\">cantes primitivi senza chitarra<\/strong> (<strong data-start=\"5019\" data-end=\"5033\">Martinetes<\/strong>, <strong data-start=\"5035\" data-end=\"5044\">Ton\u00e1s<\/strong>), le enigmatiche <strong data-start=\"5062\" data-end=\"5075\">Peteneras<\/strong> o le popolari <strong data-start=\"5090\" data-end=\"5104\">Sevillanas<\/strong>\u2026 un intero mondo da scoprire!<\/p>\n<p data-start=\"4845\" data-end=\"5134\"><img loading=\"lazy\" decoding=\"async\" class=\"aligncenter wp-image-21846 size-large\" src=\"https:\/\/tablaoflamenco1911.com\/wp-content\/uploads\/2023\/08\/paula-rodriguez-2023-1911-b-20-1024x576.jpg\" alt=\"los palos del flamenco\" width=\"900\" height=\"506\" \/><\/p>\n<h2 class=\"\" data-start=\"416\" data-end=\"464\">Indizi per Distinguere i Palos del Flamenco<\/h2>\n<p class=\"\" data-start=\"3496\" data-end=\"3666\">Ti va di giocare al detective del flamenco la prossima volta che assisti a uno spettacolo? Anche se ci vuole tempo per allenare l\u2019orecchio, puoi iniziare a notare questo:<\/p>\n<p class=\"\" data-start=\"3668\" data-end=\"3802\"><strong data-start=\"3668\" data-end=\"3695\">Il Pellizco (emozione):<\/strong> Qual \u00e8 l\u2019emozione principale che ti arriva? Gioia pura, malinconia, solennit\u00e0, rabbia o festa spensierata?<\/p>\n<p class=\"\" data-start=\"3804\" data-end=\"3918\"><strong data-start=\"3804\" data-end=\"3817\">Il Ritmo:<\/strong> Ti sembra veloce e ti fa venir voglia di muoverti, o \u00e8 lento e profondo, invitando alla riflessione?<\/p>\n<p class=\"\" data-start=\"3920\" data-end=\"4036\"><strong data-start=\"3920\" data-end=\"3940\">La Voce (Cante):<\/strong> \u00c8 molto ornata, spezzata, quasi un lamento? Oppure melodica, diretta, con un ritornello chiaro?<\/p>\n<p class=\"\" data-start=\"4038\" data-end=\"4211\"><strong data-start=\"4038\" data-end=\"4059\">Il Corpo (Baile):<\/strong> Vedi movimenti esplosivi e giri veloci? O magari movimenti delle braccia contenuti, un battito dei piedi potente ma sobrio, un\u2019espressione pi\u00f9 interna?<\/p>\n<p class=\"\" data-start=\"4213\" data-end=\"4325\">La miglior scuola, senza dubbio, \u00e8 ascoltare tanto, fare domande e soprattutto <strong data-start=\"4292\" data-end=\"4315\">sentire il flamenco<\/strong> dal vivo.<\/p>\n<h2 class=\"\" data-start=\"472\" data-end=\"522\">Vivi i Palos dal Vivo al Tablao Flamenco 1911<\/h2>\n<p class=\"\" data-start=\"3506\" data-end=\"3753\">Leggere dei <strong data-start=\"3518\" data-end=\"3540\">palos del flamenco<\/strong> \u00e8 interessante, ma viverli dal vivo \u00e8 tutta un\u2019altra storia! Sul palco storico del <strong data-start=\"3624\" data-end=\"3648\">Tablao Flamenco 1911<\/strong>, nel cuore di Madrid, ti offriamo un viaggio autentico attraverso questa straordinaria variet\u00e0 di stili.<\/p>\n<p class=\"\" data-start=\"3755\" data-end=\"4206\">Ogni sera, i nostri artisti (veri maestri nel loro campo!) ti porteranno dalla profondit\u00e0 intensa di una <strong data-start=\"3860\" data-end=\"3869\">Sole\u00e1<\/strong> ai colori vivaci delle <strong data-start=\"3893\" data-end=\"3905\">Alegr\u00edas<\/strong>, passando per il vortice ritmico delle <strong data-start=\"3945\" data-end=\"3957\">Buler\u00edas<\/strong> o la solennit\u00e0 della <strong data-start=\"3979\" data-end=\"3992\">Seguiriya<\/strong>. L\u2019intimit\u00e0 unica del nostro <strong data-start=\"4022\" data-end=\"4032\">tablao<\/strong> ti permette di cogliere ogni sfumatura del cante, ogni vibrazione della chitarra, ogni colpo preciso del zapateado. Questo \u00e8 flamenco vero \u2013 autentico, vicino, senza filtri.<\/p>\n<p class=\"\" data-start=\"4208\" data-end=\"4294\">Vuoi <strong data-start=\"4213\" data-end=\"4236\">sentire il flamenco<\/strong> nella sua forma pi\u00f9 pura?<\/p>\n<p class=\"\" data-start=\"4208\" data-end=\"4294\"><a href=\"https:\/\/tablaoflamenco1911.com\/it\/acquistare-biglietti-2\/\"><strong data-start=\"4265\" data-end=\"4294\">Prenota qui il tuo posto!<\/strong><\/a><\/p>\n<p><\/p>","protected":false},"excerpt":{"rendered":"Flamenco: Passione, ritmo, anima. Sicuramente ti suonano familiari queste parole. Ma il flamenco \u00e8 molto pi\u00f9 di un\u2019immagine congelata: \u00e8 un universo vibrante e ricco di sfumature. Il segreto della sua ricchezza e variet\u00e0? I palos del flamenco. Se sei curioso di sapere cosa distingue un\u2019Alegr\u00eda da una Sole\u00e1, o perch\u00e9 certi canti ti commuovono&#8230;","protected":false},"author":8,"featured_media":53892,"comment_status":"closed","ping_status":"closed","sticky":false,"template":"","format":"standard","meta":{"_acf_changed":false,"inline_featured_image":false,"footnotes":""},"categories":[19],"tags":[],"class_list":["post-53871","post","type-post","status-publish","format-standard","has-post-thumbnail","hentry","category-cultura-flamenca"],"acf":[],"yoast_head":"<!-- This site is optimized with the Yoast SEO plugin v27.5 - https:\/\/yoast.com\/product\/yoast-seo-wordpress\/ -->\n<title>Cosa sono i Palos del Flamenco? - Tablao Flamenco 1911<\/title>\n<meta name=\"description\" content=\"Descubre qu\u00e9 son los palos del flamenco, sus familias, ritmos y emociones. Vive su diversidad en directo en Tablao Flamenco 1911 en Madrid.\" \/>\n<meta name=\"robots\" content=\"index, follow, max-snippet:-1, max-image-preview:large, max-video-preview:-1\" \/>\n<link rel=\"canonical\" href=\"\/\" \/>\n<meta property=\"og:locale\" content=\"it_IT\" \/>\n<meta property=\"og:type\" content=\"article\" \/>\n<meta property=\"og:title\" content=\"Cosa sono i Palos del Flamenco? - Tablao Flamenco 1911\" \/>\n<meta property=\"og:description\" content=\"Descubre qu\u00e9 son los palos del flamenco, sus familias, ritmos y emociones. Vive su diversidad en directo en Tablao Flamenco 1911 en Madrid.\" \/>\n<meta property=\"og:url\" content=\"https:\/\/tablaoflamenco1911.com\/it\/palos-del-flamenco\/\" \/>\n<meta property=\"og:site_name\" content=\"Tablao Flamenco 1911\" \/>\n<meta property=\"article:published_time\" content=\"2025-04-21T13:27:56+00:00\" \/>\n<meta property=\"article:modified_time\" content=\"2026-03-02T16:06:37+00:00\" \/>\n<meta property=\"og:image\" content=\"https:\/\/tablaoflamenco1911.com\/wp-content\/uploads\/2025\/04\/blog_palosflamenco.png\" \/>\n\t<meta property=\"og:image:width\" content=\"900\" \/>\n\t<meta property=\"og:image:height\" content=\"600\" \/>\n\t<meta property=\"og:image:type\" content=\"image\/png\" \/>\n<meta name=\"author\" content=\"Miguel Blanco\" \/>\n<meta name=\"twitter:card\" content=\"summary_large_image\" \/>\n<meta name=\"twitter:label1\" content=\"Scritto da\" \/>\n\t<meta name=\"twitter:data1\" content=\"Miguel Blanco\" \/>\n\t<meta name=\"twitter:label2\" content=\"Tempo di lettura stimato\" \/>\n\t<meta name=\"twitter:data2\" content=\"6 minuti\" \/>\n<script type=\"application\/ld+json\" class=\"yoast-schema-graph\">{\"@context\":\"https:\\\/\\\/schema.org\",\"@graph\":[{\"@type\":\"Article\",\"@id\":\"https:\\\/\\\/tablaoflamenco1911.com\\\/es\\\/palos-del-flamenco\\\/#article\",\"isPartOf\":{\"@id\":\"https:\\\/\\\/tablaoflamenco1911.com\\\/es\\\/palos-del-flamenco\\\/\"},\"author\":{\"name\":\"Miguel Blanco\",\"@id\":\"https:\\\/\\\/tablaoflamenco1911.com\\\/es\\\/#\\\/schema\\\/person\\\/5c9c054f5ed0de8157b146ce7171d5e7\"},\"headline\":\"Cosa sono i Palos del Flamenco?\",\"datePublished\":\"2025-04-21T13:27:56+00:00\",\"dateModified\":\"2026-03-02T16:06:37+00:00\",\"mainEntityOfPage\":{\"@id\":\"https:\\\/\\\/tablaoflamenco1911.com\\\/es\\\/palos-del-flamenco\\\/\"},\"wordCount\":11373,\"image\":{\"@id\":\"https:\\\/\\\/tablaoflamenco1911.com\\\/es\\\/palos-del-flamenco\\\/#primaryimage\"},\"thumbnailUrl\":\"https:\\\/\\\/tablaoflamenco1911.com\\\/wp-content\\\/uploads\\\/2025\\\/04\\\/blog_palosflamenco.png\",\"articleSection\":[\"Cultura Flamenca\"],\"inLanguage\":\"it-IT\"},{\"@type\":\"WebPage\",\"@id\":\"https:\\\/\\\/tablaoflamenco1911.com\\\/it\\\/palos-del-flamenco\\\/\",\"url\":\"https:\\\/\\\/tablaoflamenco1911.com\\\/it\\\/palos-del-flamenco\\\/\",\"name\":\"Cosa sono i Palos del Flamenco? - Tablao Flamenco 1911\",\"isPartOf\":{\"@id\":\"https:\\\/\\\/tablaoflamenco1911.com\\\/it\\\/#website\"},\"primaryImageOfPage\":{\"@id\":\"https:\\\/\\\/tablaoflamenco1911.com\\\/it\\\/palos-del-flamenco\\\/#primaryimage\"},\"image\":{\"@id\":\"https:\\\/\\\/tablaoflamenco1911.com\\\/es\\\/palos-del-flamenco\\\/#primaryimage\"},\"thumbnailUrl\":\"https:\\\/\\\/tablaoflamenco1911.com\\\/wp-content\\\/uploads\\\/2025\\\/04\\\/blog_palosflamenco.png\",\"datePublished\":\"2025-04-21T13:27:56+00:00\",\"dateModified\":\"2026-03-02T16:06:37+00:00\",\"author\":{\"@id\":\"https:\\\/\\\/tablaoflamenco1911.com\\\/es\\\/#\\\/schema\\\/person\\\/5c9c054f5ed0de8157b146ce7171d5e7\"},\"description\":\"Descubre qu\u00e9 son los palos del flamenco, sus familias, ritmos y emociones. Vive su diversidad en directo en Tablao Flamenco 1911 en Madrid.\",\"breadcrumb\":{\"@id\":\"https:\\\/\\\/tablaoflamenco1911.com\\\/it\\\/palos-del-flamenco\\\/#breadcrumb\"},\"inLanguage\":\"it-IT\",\"potentialAction\":[{\"@type\":\"ReadAction\",\"target\":[[\"https:\\\/\\\/tablaoflamenco1911.com\\\/it\\\/palos-del-flamenco\\\/\"]]}]},{\"@type\":\"ImageObject\",\"inLanguage\":\"it-IT\",\"@id\":\"https:\\\/\\\/tablaoflamenco1911.com\\\/it\\\/palos-del-flamenco\\\/#primaryimage\",\"url\":\"https:\\\/\\\/tablaoflamenco1911.com\\\/wp-content\\\/uploads\\\/2025\\\/04\\\/blog_palosflamenco.png\",\"contentUrl\":\"https:\\\/\\\/tablaoflamenco1911.com\\\/wp-content\\\/uploads\\\/2025\\\/04\\\/blog_palosflamenco.png\",\"width\":900,\"height\":600},{\"@type\":\"BreadcrumbList\",\"@id\":\"https:\\\/\\\/tablaoflamenco1911.com\\\/it\\\/palos-del-flamenco\\\/#breadcrumb\",\"itemListElement\":[{\"@type\":\"ListItem\",\"position\":1,\"name\":\"Portada\",\"item\":\"https:\\\/\\\/tablaoflamenco1911.com\\\/it\\\/\"},{\"@type\":\"ListItem\",\"position\":2,\"name\":\"\u00bfQu\u00e9 Son los Palos del Flamenco?\"}]},{\"@type\":\"WebSite\",\"@id\":\"https:\\\/\\\/tablaoflamenco1911.com\\\/it\\\/#website\",\"url\":\"https:\\\/\\\/tablaoflamenco1911.com\\\/it\\\/\",\"name\":\"Tablao Flamenco 1911\",\"description\":\"La Catedral del Flamenco en Madrid\",\"potentialAction\":[{\"@type\":\"SearchAction\",\"target\":{\"@type\":\"EntryPoint\",\"urlTemplate\":\"https:\\\/\\\/tablaoflamenco1911.com\\\/it\\\/?s={search_term_string}\"},\"query-input\":{\"@type\":\"PropertyValueSpecification\",\"valueRequired\":true,\"valueName\":\"search_term_string\"}}],\"inLanguage\":\"it-IT\"},{\"@type\":\"Person\",\"@id\":\"https:\\\/\\\/tablaoflamenco1911.com\\\/es\\\/#\\\/schema\\\/person\\\/5c9c054f5ed0de8157b146ce7171d5e7\",\"name\":\"Miguel Blanco\",\"image\":{\"@type\":\"ImageObject\",\"inLanguage\":\"it-IT\",\"@id\":\"https:\\\/\\\/secure.gravatar.com\\\/avatar\\\/359874fd676a9bfbf3a5d62f8bb888a22a657034662dd62c3669b5e7274a1365?s=96&d=mm&r=g\",\"url\":\"https:\\\/\\\/secure.gravatar.com\\\/avatar\\\/359874fd676a9bfbf3a5d62f8bb888a22a657034662dd62c3669b5e7274a1365?s=96&d=mm&r=g\",\"contentUrl\":\"https:\\\/\\\/secure.gravatar.com\\\/avatar\\\/359874fd676a9bfbf3a5d62f8bb888a22a657034662dd62c3669b5e7274a1365?s=96&d=mm&r=g\",\"caption\":\"Miguel Blanco\"}}]}<\/script>\n<!-- \/ Yoast SEO plugin. -->","yoast_head_json":{"title":"Cosa sono i Palos del Flamenco? - Tablao Flamenco 1911","description":"Descubre qu\u00e9 son los palos del flamenco, sus familias, ritmos y emociones. Vive su diversidad en directo en Tablao Flamenco 1911 en Madrid.","robots":{"index":"index","follow":"follow","max-snippet":"max-snippet:-1","max-image-preview":"max-image-preview:large","max-video-preview":"max-video-preview:-1"},"canonical":"\/","og_locale":"it_IT","og_type":"article","og_title":"Cosa sono i Palos del Flamenco? - Tablao Flamenco 1911","og_description":"Descubre qu\u00e9 son los palos del flamenco, sus familias, ritmos y emociones. Vive su diversidad en directo en Tablao Flamenco 1911 en Madrid.","og_url":"https:\/\/tablaoflamenco1911.com\/it\/palos-del-flamenco\/","og_site_name":"Tablao Flamenco 1911","article_published_time":"2025-04-21T13:27:56+00:00","article_modified_time":"2026-03-02T16:06:37+00:00","og_image":[{"width":900,"height":600,"url":"https:\/\/tablaoflamenco1911.com\/wp-content\/uploads\/2025\/04\/blog_palosflamenco.png","type":"image\/png"}],"author":"Miguel Blanco","twitter_card":"summary_large_image","twitter_misc":{"Scritto da":"Miguel Blanco","Tempo di lettura stimato":"6 minuti"},"schema":{"@context":"https:\/\/schema.org","@graph":[{"@type":"Article","@id":"https:\/\/tablaoflamenco1911.com\/es\/palos-del-flamenco\/#article","isPartOf":{"@id":"https:\/\/tablaoflamenco1911.com\/es\/palos-del-flamenco\/"},"author":{"name":"Miguel Blanco","@id":"https:\/\/tablaoflamenco1911.com\/es\/#\/schema\/person\/5c9c054f5ed0de8157b146ce7171d5e7"},"headline":"Cosa sono i Palos del Flamenco?","datePublished":"2025-04-21T13:27:56+00:00","dateModified":"2026-03-02T16:06:37+00:00","mainEntityOfPage":{"@id":"https:\/\/tablaoflamenco1911.com\/es\/palos-del-flamenco\/"},"wordCount":11373,"image":{"@id":"https:\/\/tablaoflamenco1911.com\/es\/palos-del-flamenco\/#primaryimage"},"thumbnailUrl":"https:\/\/tablaoflamenco1911.com\/wp-content\/uploads\/2025\/04\/blog_palosflamenco.png","articleSection":["Cultura Flamenca"],"inLanguage":"it-IT"},{"@type":"WebPage","@id":"https:\/\/tablaoflamenco1911.com\/it\/palos-del-flamenco\/","url":"https:\/\/tablaoflamenco1911.com\/it\/palos-del-flamenco\/","name":"Cosa sono i Palos del Flamenco? - Tablao Flamenco 1911","isPartOf":{"@id":"https:\/\/tablaoflamenco1911.com\/it\/#website"},"primaryImageOfPage":{"@id":"https:\/\/tablaoflamenco1911.com\/it\/palos-del-flamenco\/#primaryimage"},"image":{"@id":"https:\/\/tablaoflamenco1911.com\/es\/palos-del-flamenco\/#primaryimage"},"thumbnailUrl":"https:\/\/tablaoflamenco1911.com\/wp-content\/uploads\/2025\/04\/blog_palosflamenco.png","datePublished":"2025-04-21T13:27:56+00:00","dateModified":"2026-03-02T16:06:37+00:00","author":{"@id":"https:\/\/tablaoflamenco1911.com\/es\/#\/schema\/person\/5c9c054f5ed0de8157b146ce7171d5e7"},"description":"Descubre qu\u00e9 son los palos del flamenco, sus familias, ritmos y emociones. Vive su diversidad en directo en Tablao Flamenco 1911 en Madrid.","breadcrumb":{"@id":"https:\/\/tablaoflamenco1911.com\/it\/palos-del-flamenco\/#breadcrumb"},"inLanguage":"it-IT","potentialAction":[{"@type":"ReadAction","target":[["https:\/\/tablaoflamenco1911.com\/it\/palos-del-flamenco\/"]]}]},{"@type":"ImageObject","inLanguage":"it-IT","@id":"https:\/\/tablaoflamenco1911.com\/it\/palos-del-flamenco\/#primaryimage","url":"https:\/\/tablaoflamenco1911.com\/wp-content\/uploads\/2025\/04\/blog_palosflamenco.png","contentUrl":"https:\/\/tablaoflamenco1911.com\/wp-content\/uploads\/2025\/04\/blog_palosflamenco.png","width":900,"height":600},{"@type":"BreadcrumbList","@id":"https:\/\/tablaoflamenco1911.com\/it\/palos-del-flamenco\/#breadcrumb","itemListElement":[{"@type":"ListItem","position":1,"name":"Portada","item":"https:\/\/tablaoflamenco1911.com\/it\/"},{"@type":"ListItem","position":2,"name":"\u00bfQu\u00e9 Son los Palos del Flamenco?"}]},{"@type":"WebSite","@id":"https:\/\/tablaoflamenco1911.com\/it\/#website","url":"https:\/\/tablaoflamenco1911.com\/it\/","name":"Tablao Flamenco 1911","description":"La Catedral del Flamenco en Madrid","potentialAction":[{"@type":"SearchAction","target":{"@type":"EntryPoint","urlTemplate":"https:\/\/tablaoflamenco1911.com\/it\/?s={search_term_string}"},"query-input":{"@type":"PropertyValueSpecification","valueRequired":true,"valueName":"search_term_string"}}],"inLanguage":"it-IT"},{"@type":"Person","@id":"https:\/\/tablaoflamenco1911.com\/es\/#\/schema\/person\/5c9c054f5ed0de8157b146ce7171d5e7","name":"Miguel Blanco","image":{"@type":"ImageObject","inLanguage":"it-IT","@id":"https:\/\/secure.gravatar.com\/avatar\/359874fd676a9bfbf3a5d62f8bb888a22a657034662dd62c3669b5e7274a1365?s=96&d=mm&r=g","url":"https:\/\/secure.gravatar.com\/avatar\/359874fd676a9bfbf3a5d62f8bb888a22a657034662dd62c3669b5e7274a1365?s=96&d=mm&r=g","contentUrl":"https:\/\/secure.gravatar.com\/avatar\/359874fd676a9bfbf3a5d62f8bb888a22a657034662dd62c3669b5e7274a1365?s=96&d=mm&r=g","caption":"Miguel Blanco"}}]}},"_links":{"self":[{"href":"https:\/\/tablaoflamenco1911.com\/it\/wp-json\/wp\/v2\/posts\/53871","targetHints":{"allow":["GET"]}}],"collection":[{"href":"https:\/\/tablaoflamenco1911.com\/it\/wp-json\/wp\/v2\/posts"}],"about":[{"href":"https:\/\/tablaoflamenco1911.com\/it\/wp-json\/wp\/v2\/types\/post"}],"author":[{"embeddable":true,"href":"https:\/\/tablaoflamenco1911.com\/it\/wp-json\/wp\/v2\/users\/8"}],"replies":[{"embeddable":true,"href":"https:\/\/tablaoflamenco1911.com\/it\/wp-json\/wp\/v2\/comments?post=53871"}],"version-history":[{"count":29,"href":"https:\/\/tablaoflamenco1911.com\/it\/wp-json\/wp\/v2\/posts\/53871\/revisions"}],"predecessor-version":[{"id":54636,"href":"https:\/\/tablaoflamenco1911.com\/it\/wp-json\/wp\/v2\/posts\/53871\/revisions\/54636"}],"wp:featuredmedia":[{"embeddable":true,"href":"https:\/\/tablaoflamenco1911.com\/it\/wp-json\/wp\/v2\/media\/53892"}],"wp:attachment":[{"href":"https:\/\/tablaoflamenco1911.com\/it\/wp-json\/wp\/v2\/media?parent=53871"}],"wp:term":[{"taxonomy":"category","embeddable":true,"href":"https:\/\/tablaoflamenco1911.com\/it\/wp-json\/wp\/v2\/categories?post=53871"},{"taxonomy":"post_tag","embeddable":true,"href":"https:\/\/tablaoflamenco1911.com\/it\/wp-json\/wp\/v2\/tags?post=53871"}],"curies":[{"name":"wp","href":"https:\/\/api.w.org\/{rel}","templated":true}]}}