{"id":55613,"date":"2026-08-31T10:39:57","date_gmt":"2026-08-31T08:39:57","guid":{"rendered":"https:\/\/tablaoflamenco1911.com\/es\/?p=55613"},"modified":"2026-08-27T15:46:12","modified_gmt":"2026-08-27T13:46:12","slug":"55613-2","status":"publish","type":"post","link":"https:\/\/tablaoflamenco1911.com\/fr\/la-robe-de-flamenca\/","title":{"rendered":"La robe de flamenca : histoire, types et quand la porter"},"content":{"rendered":"<p>C&rsquo;est probablement le v\u00eatement espagnol le plus reconnaissable au monde. Pois, volants, taille marqu\u00e9e et un envol qui occupe toute la rue. <strong>La robe de flamenca n&rsquo;est pas n\u00e9e pour la sc\u00e8ne : elle est n\u00e9e pour le travail.<\/strong><\/p>\n<p>Voyons ce qu&rsquo;elle est exactement, d&rsquo;o\u00f9 elle vient, quels types existent, comment on la compl\u00e8te et quand on la porte vraiment.<\/p>\n<h2>Qu&rsquo;est-ce que la robe de flamenca (ou robe de gitane ?)<\/h2>\n<p>La robe de flamenca est la robe f\u00e9minine que l&rsquo;on porte dans les foires et les p\u00e8lerinages du sud de l&rsquo;Espagne. Ajust\u00e9e jusqu&rsquo;\u00e0 la hanche, la jupe s&rsquo;ouvrant en volants et, tr\u00e8s souvent, imprim\u00e9e \u00e0 pois.<\/p>\n<p>Et voici la premi\u00e8re pr\u00e9cision, car elle pr\u00eate \u00e0 confusion : en Andalousie, beaucoup l&rsquo;appellent <strong>\u00ab traje de gitana \u00bb<\/strong> (robe de gitane), et c&rsquo;est le nom traditionnel. \u00ab Traje de flamenca \u00bb est la d\u00e9nomination qui s&rsquo;est impos\u00e9e avec le temps, surtout \u00e0 l&rsquo;\u00e9tranger. <strong>Les deux sont correctes et d\u00e9signent le m\u00eame v\u00eatement<\/strong> ; seule change la coutume de chaque lieu et de chaque g\u00e9n\u00e9ration.<\/p>\n<p>Ce qu&rsquo;il ne faut pas confondre, c&rsquo;est la robe de foire avec le <strong>costume de danse<\/strong>. Ils se ressemblent, mais ce n&rsquo;est pas la m\u00eame chose, et \u00e0 la fin de l&rsquo;article vous verrez pourquoi.<\/p>\n<h2>L&rsquo;origine : de la blouse de travail \u00e0 la robe de foire<\/h2>\n<p>Voil\u00e0 ce qui est beau dans ce v\u00eatement : personne ne l&rsquo;a dessin\u00e9 pour le faire briller. Il vient des v\u00eatements de travail.<\/p>\n<p>Dans les foires aux bestiaux du XIXe si\u00e8cle, les femmes qui accompagnaient les marchands portaient de <strong>simples blouses de percale \u00e0 volants<\/strong>, confortables et bon march\u00e9, pour marcher entre les animaux et la poussi\u00e8re. Ces humbles blouses ont commenc\u00e9 \u00e0 attirer l&rsquo;attention par leur gr\u00e2ce et, peu \u00e0 peu, elles ont mont\u00e9 en gamme : meilleurs tissus, plus de volants, plus d&rsquo;ornements.<\/p>\n<p><strong>Ce qui \u00e9tait un v\u00eatement de travail est devenu la tenue officielle de la f\u00eate.<\/strong> Ce passage s&rsquo;est consolid\u00e9 au fil du XXe si\u00e8cle, jusqu&rsquo;\u00e0 devenir le seul costume r\u00e9gional espagnol \u00e0 suivre une mode, avec des collections et des tendances chaque saison.<\/p>\n<h2>Types de robe de flamenca<\/h2>\n<p>Il n&rsquo;y a pas une robe de flamenca, il y en a beaucoup. Voici les coupes les plus courantes :<\/p>\n<p><strong>Canastero.<\/strong> La plus gitane et la plus reconnaissable : tr\u00e8s ajust\u00e9e jusqu&rsquo;aux genoux, avec un ou deux grands volants qui s&rsquo;ouvrent d&rsquo;un coup. Elle dessine la silhouette et oblige \u00e0 marcher avec une certaine allure, ce qui fait partie de son charme.<\/p>\n<p><strong>\u00c0 volants.<\/strong> La classique de la feria : plusieurs volants \u00e9tag\u00e9s depuis la hanche, avec beaucoup d&rsquo;envol. Plus il y a de volants, plus il y a de mouvement et de poids.<\/p>\n<p><strong>Coupe sir\u00e8ne.<\/strong> Ajust\u00e9e tr\u00e8s bas, avec l&rsquo;envol concentr\u00e9 \u00e0 la fin. \u00c9l\u00e9gante et stylis\u00e9e.<\/p>\n<p>Et puis il y a les variantes de manche, de d\u00e9collet\u00e9 et de jupe qui changent chaque saison. Car, nous insistons, <strong>la robe de flamenca a sa propre mode<\/strong> : ce qui se porte une ann\u00e9e n&rsquo;est pas ce qui se portait il y a cinq ans.<\/p>\n<h2>Les accessoires : peineta, fleur et ch\u00e2le<\/h2>\n<p>La robe n&rsquo;est que la moiti\u00e9. L&rsquo;autre moiti\u00e9, ce sont les accessoires, et c&rsquo;est l\u00e0 qu&rsquo;on voit qui s&rsquo;y conna\u00eet :<\/p>\n<ul>\n<li><strong>La fleur<\/strong>, plac\u00e9e dans les cheveux, grande ou discr\u00e8te, sur le c\u00f4t\u00e9.<\/li>\n<li><strong>La <a href=\"https:\/\/tablaoflamenco1911.com\/fr\/peineta-flamenca\/\">peineta flamenca<\/a><\/strong>, qui donne de la hauteur au chignon.<\/li>\n<li><strong>Le mantoncillo<\/strong>, crois\u00e9 sur les \u00e9paules et nou\u00e9 sur la poitrine.<\/li>\n<li><strong>Les zarcillos<\/strong>, ces grandes boucles d&rsquo;oreilles qui bougent \u00e0 chaque pas.<\/li>\n<li><strong>Le mant\u00f3n de Manila<\/strong> brod\u00e9, pour les nuits fra\u00eeches et les allures les plus nobles.<\/li>\n<\/ul>\n<p>La r\u00e8gle est la m\u00eame que pour tout le flamenco : <strong>l&rsquo;\u00e9quilibre avant la quantit\u00e9<\/strong>. Une robe bien port\u00e9e avec deux accessoires bien choisis gagne toujours face \u00e0 une tenue surcharg\u00e9e.<\/p>\n<h2>Quand la porte-t-on vraiment (et comment aller \u00e0 une feria sans elle)<\/h2>\n<p>Soyons clairs. La robe de flamenca se porte \u00e0 la <strong>Feria de Abril, dans les foires des villages et lors de p\u00e8lerinages<\/strong> comme celui du Roc\u00edo. C&rsquo;est l\u00e0 qu&rsquo;elle a du sens et qu&rsquo;on la voit par milliers.<\/p>\n<p>Et une r\u00e9ponse honn\u00eate \u00e0 une question tr\u00e8s fr\u00e9quente : <strong>il n&rsquo;est pas n\u00e9cessaire d&rsquo;avoir une robe de flamenca pour aller \u00e0 une feria.<\/strong> \u00c9norm\u00e9ment de gens y vont sans, et il ne se passe rien. Une jupe \u00e0 volants, une robe simple avec une fleur dans les cheveux ou un mantoncillo sur une tenue neutre font tout aussi bien l&rsquo;affaire. Ce qui ne se fait pas, c&rsquo;est de se d\u00e9guiser : mieux vaut \u00eatre \u00e0 l&rsquo;aise avec un clin d&rsquo;\u0153il que forcer une robe lou\u00e9e qui ne vous va pas.<\/p>\n<p>Et dans un tablao, que porte-t-on ? Une autre pr\u00e9cision s&rsquo;impose : <strong>la bailaora ne danse pas en robe de foire<\/strong>. Sur sc\u00e8ne, on utilise un costume de danse \u2014jupes \u00e0 volants, bata de cola\u2014 pens\u00e9 pour le mouvement, et le public vient comme il veut, sans code vestimentaire. Comme pour la peineta ou le chapeau cordouan, chaque chose a son moment.<\/p>\n<p><img loading=\"lazy\" decoding=\"async\" width=\"820\" height=\"1024\" class=\"aligncenter size-large wp-image-55575\" src=\"https:\/\/tablaoflamenco1911.com\/wp-content\/uploads\/2026\/08\/traje-flamenca-paula-820x1024.webp\" alt=\"\" \/><\/p>\n<p>Cela dit, l&rsquo;image de la robe de flamenca est ins\u00e9parable de celle du flamenco dans le monde, et la voir dans son \u00e9l\u00e9ment n&rsquo;a pas de prix. Si vous voulez vivre l&rsquo;art qui se cache derri\u00e8re tout cela, venez dans notre <a href=\"https:\/\/tablaoflamenco1911.com\/fr\/\">tablao flamenco \u00e0 Madrid<\/a> et ressentez-le \u00e0 deux pas.<\/p>","protected":false},"excerpt":{"rendered":"C&rsquo;est probablement le v\u00eatement espagnol le plus reconnaissable au monde. Pois, volants, taille marqu\u00e9e et un envol qui occupe toute la rue. La robe de flamenca n&rsquo;est pas n\u00e9e pour la sc\u00e8ne : elle est n\u00e9e pour le travail. Voyons ce qu&rsquo;elle est exactement, d&rsquo;o\u00f9 elle vient, quels types existent, comment on la compl\u00e8te et&#8230;","protected":false},"author":8,"featured_media":55599,"comment_status":"closed","ping_status":"closed","sticky":false,"template":"","format":"standard","meta":{"_acf_changed":false,"inline_featured_image":false,"footnotes":""},"categories":[19],"tags":[],"class_list":["post-55613","post","type-post","status-publish","format-standard","has-post-thumbnail","hentry","category-cultura-flamenca"],"acf":[],"yoast_head":"<!-- This site is optimized with the Yoast SEO plugin v28.4 - https:\/\/yoast.com\/product\/yoast-seo-wordpress\/ -->\n<title>Robe de flamenca : histoire, types et quand la porter<\/title>\n<meta name=\"description\" content=\"D\u00e9couvrez l&#039;origine de la robe de flamenca, les types qui existent, ses accessoires et quand on la porte vraiment. Le guide d&#039;un tablao centenaire.\" \/>\n<meta name=\"robots\" content=\"index, follow, max-snippet:-1, max-image-preview:large, max-video-preview:-1\" \/>\n<link rel=\"canonical\" href=\"\/\" \/>\n<meta property=\"og:locale\" content=\"fr_FR\" \/>\n<meta property=\"og:type\" content=\"article\" \/>\n<meta property=\"og:title\" content=\"Robe de flamenca : histoire, types et quand la porter\" \/>\n<meta property=\"og:description\" content=\"D\u00e9couvrez l&#039;origine de la robe de flamenca, les types qui existent, ses accessoires et quand on la porte vraiment. Le guide d&#039;un tablao centenaire.\" \/>\n<meta property=\"og:url\" content=\"https:\/\/tablaoflamenco1911.com\/fr\/el-traje-de-flamenca\/\" \/>\n<meta property=\"og:site_name\" content=\"Tablao Flamenco 1911\" \/>\n<meta property=\"article:published_time\" content=\"2026-08-31T08:39:57+00:00\" \/>\n<meta property=\"og:image\" content=\"https:\/\/tablaoflamenco1911.com\/wp-content\/uploads\/2026\/08\/photo-2026-08-27-12-15-52.jpg\" \/>\n\t<meta property=\"og:image:width\" content=\"1280\" \/>\n\t<meta property=\"og:image:height\" content=\"853\" \/>\n\t<meta property=\"og:image:type\" content=\"image\/jpeg\" \/>\n<meta name=\"author\" content=\"Miguel Blanco\" \/>\n<meta name=\"twitter:card\" content=\"summary_large_image\" \/>\n<meta name=\"twitter:label1\" content=\"\u00c9crit par\" \/>\n\t<meta name=\"twitter:data1\" content=\"Miguel Blanco\" \/>\n\t<meta name=\"twitter:label2\" content=\"Dur\u00e9e de lecture estim\u00e9e\" \/>\n\t<meta name=\"twitter:data2\" content=\"4 minutes\" \/>\n<script type=\"application\/ld+json\" class=\"yoast-schema-graph\">{\"@context\":\"https:\\\/\\\/schema.org\",\"@graph\":[{\"@type\":\"Article\",\"@id\":\"https:\\\/\\\/tablaoflamenco1911.com\\\/es\\\/el-traje-de-flamenca\\\/#article\",\"isPartOf\":{\"@id\":\"https:\\\/\\\/tablaoflamenco1911.com\\\/es\\\/el-traje-de-flamenca\\\/\"},\"author\":{\"name\":\"Miguel Blanco\",\"@id\":\"https:\\\/\\\/tablaoflamenco1911.com\\\/es\\\/#\\\/schema\\\/person\\\/5c9c054f5ed0de8157b146ce7171d5e7\"},\"headline\":\"La robe de flamenca : histoire, types et quand la porter\",\"datePublished\":\"2026-08-31T08:39:57+00:00\",\"mainEntityOfPage\":{\"@id\":\"https:\\\/\\\/tablaoflamenco1911.com\\\/es\\\/el-traje-de-flamenca\\\/\"},\"wordCount\":9232,\"image\":{\"@id\":\"https:\\\/\\\/tablaoflamenco1911.com\\\/es\\\/el-traje-de-flamenca\\\/#primaryimage\"},\"thumbnailUrl\":\"https:\\\/\\\/tablaoflamenco1911.com\\\/wp-content\\\/uploads\\\/2026\\\/08\\\/photo-2026-08-27-12-15-52.jpg\",\"articleSection\":[\"Cultura Flamenca\"],\"inLanguage\":\"fr-FR\"},{\"@type\":\"WebPage\",\"@id\":\"https:\\\/\\\/tablaoflamenco1911.com\\\/fr\\\/el-traje-de-flamenca\\\/\",\"url\":\"https:\\\/\\\/tablaoflamenco1911.com\\\/fr\\\/el-traje-de-flamenca\\\/\",\"name\":\"Robe de flamenca : histoire, types et quand la porter\",\"isPartOf\":{\"@id\":\"https:\\\/\\\/tablaoflamenco1911.com\\\/fr\\\/#website\"},\"primaryImageOfPage\":{\"@id\":\"https:\\\/\\\/tablaoflamenco1911.com\\\/fr\\\/el-traje-de-flamenca\\\/#primaryimage\"},\"image\":{\"@id\":\"https:\\\/\\\/tablaoflamenco1911.com\\\/es\\\/el-traje-de-flamenca\\\/#primaryimage\"},\"thumbnailUrl\":\"https:\\\/\\\/tablaoflamenco1911.com\\\/wp-content\\\/uploads\\\/2026\\\/08\\\/photo-2026-08-27-12-15-52.jpg\",\"datePublished\":\"2026-08-31T08:39:57+00:00\",\"author\":{\"@id\":\"https:\\\/\\\/tablaoflamenco1911.com\\\/es\\\/#\\\/schema\\\/person\\\/5c9c054f5ed0de8157b146ce7171d5e7\"},\"description\":\"D\u00e9couvrez l'origine de la robe de flamenca, les types qui existent, ses accessoires et quand on la porte vraiment. Le guide d'un tablao centenaire.\",\"breadcrumb\":{\"@id\":\"https:\\\/\\\/tablaoflamenco1911.com\\\/fr\\\/el-traje-de-flamenca\\\/#breadcrumb\"},\"inLanguage\":\"fr-FR\",\"potentialAction\":[{\"@type\":\"ReadAction\",\"target\":[[\"https:\\\/\\\/tablaoflamenco1911.com\\\/fr\\\/el-traje-de-flamenca\\\/\"]]}]},{\"@type\":\"ImageObject\",\"inLanguage\":\"fr-FR\",\"@id\":\"https:\\\/\\\/tablaoflamenco1911.com\\\/fr\\\/el-traje-de-flamenca\\\/#primaryimage\",\"url\":\"https:\\\/\\\/tablaoflamenco1911.com\\\/wp-content\\\/uploads\\\/2026\\\/08\\\/photo-2026-08-27-12-15-52.jpg\",\"contentUrl\":\"https:\\\/\\\/tablaoflamenco1911.com\\\/wp-content\\\/uploads\\\/2026\\\/08\\\/photo-2026-08-27-12-15-52.jpg\",\"width\":1280,\"height\":853,\"caption\":\"Fotograf\u00eda de flamenco moda, 5 mujeres posando con Trajes de Flamenca o Trajes de feria\"},{\"@type\":\"BreadcrumbList\",\"@id\":\"https:\\\/\\\/tablaoflamenco1911.com\\\/fr\\\/el-traje-de-flamenca\\\/#breadcrumb\",\"itemListElement\":[{\"@type\":\"ListItem\",\"position\":1,\"name\":\"Portada\",\"item\":\"https:\\\/\\\/tablaoflamenco1911.com\\\/fr\\\/\"},{\"@type\":\"ListItem\",\"position\":2,\"name\":\"Robe de flamenca\"}]},{\"@type\":\"WebSite\",\"@id\":\"https:\\\/\\\/tablaoflamenco1911.com\\\/fr\\\/#website\",\"url\":\"https:\\\/\\\/tablaoflamenco1911.com\\\/fr\\\/\",\"name\":\"Tablao Flamenco 1911\",\"description\":\"La Catedral del Flamenco en Madrid\",\"potentialAction\":[{\"@type\":\"SearchAction\",\"target\":{\"@type\":\"EntryPoint\",\"urlTemplate\":\"https:\\\/\\\/tablaoflamenco1911.com\\\/fr\\\/?s={search_term_string}\"},\"query-input\":{\"@type\":\"PropertyValueSpecification\",\"valueRequired\":true,\"valueName\":\"search_term_string\"}}],\"inLanguage\":\"fr-FR\"},{\"@type\":\"Person\",\"@id\":\"https:\\\/\\\/tablaoflamenco1911.com\\\/es\\\/#\\\/schema\\\/person\\\/5c9c054f5ed0de8157b146ce7171d5e7\",\"name\":\"Miguel Blanco\",\"image\":{\"@type\":\"ImageObject\",\"inLanguage\":\"fr-FR\",\"@id\":\"https:\\\/\\\/secure.gravatar.com\\\/avatar\\\/359874fd676a9bfbf3a5d62f8bb888a22a657034662dd62c3669b5e7274a1365?s=96&d=mm&r=g\",\"url\":\"https:\\\/\\\/secure.gravatar.com\\\/avatar\\\/359874fd676a9bfbf3a5d62f8bb888a22a657034662dd62c3669b5e7274a1365?s=96&d=mm&r=g\",\"contentUrl\":\"https:\\\/\\\/secure.gravatar.com\\\/avatar\\\/359874fd676a9bfbf3a5d62f8bb888a22a657034662dd62c3669b5e7274a1365?s=96&d=mm&r=g\",\"caption\":\"Miguel Blanco\"}}]}<\/script>\n<!-- \/ Yoast SEO plugin. -->","yoast_head_json":{"title":"Robe de flamenca : histoire, types et quand la porter","description":"D\u00e9couvrez l'origine de la robe de flamenca, les types qui existent, ses accessoires et quand on la porte vraiment. Le guide d'un tablao centenaire.","robots":{"index":"index","follow":"follow","max-snippet":"max-snippet:-1","max-image-preview":"max-image-preview:large","max-video-preview":"max-video-preview:-1"},"canonical":"\/","og_locale":"fr_FR","og_type":"article","og_title":"Robe de flamenca : histoire, types et quand la porter","og_description":"D\u00e9couvrez l'origine de la robe de flamenca, les types qui existent, ses accessoires et quand on la porte vraiment. Le guide d'un tablao centenaire.","og_url":"https:\/\/tablaoflamenco1911.com\/fr\/el-traje-de-flamenca\/","og_site_name":"Tablao Flamenco 1911","article_published_time":"2026-08-31T08:39:57+00:00","og_image":[{"width":1280,"height":853,"url":"https:\/\/tablaoflamenco1911.com\/wp-content\/uploads\/2026\/08\/photo-2026-08-27-12-15-52.jpg","type":"image\/jpeg"}],"author":"Miguel Blanco","twitter_card":"summary_large_image","twitter_misc":{"\u00c9crit par":"Miguel Blanco","Dur\u00e9e de lecture estim\u00e9e":"4 minutes"},"schema":{"@context":"https:\/\/schema.org","@graph":[{"@type":"Article","@id":"https:\/\/tablaoflamenco1911.com\/es\/el-traje-de-flamenca\/#article","isPartOf":{"@id":"https:\/\/tablaoflamenco1911.com\/es\/el-traje-de-flamenca\/"},"author":{"name":"Miguel Blanco","@id":"https:\/\/tablaoflamenco1911.com\/es\/#\/schema\/person\/5c9c054f5ed0de8157b146ce7171d5e7"},"headline":"La robe de flamenca : histoire, types et quand la porter","datePublished":"2026-08-31T08:39:57+00:00","mainEntityOfPage":{"@id":"https:\/\/tablaoflamenco1911.com\/es\/el-traje-de-flamenca\/"},"wordCount":9232,"image":{"@id":"https:\/\/tablaoflamenco1911.com\/es\/el-traje-de-flamenca\/#primaryimage"},"thumbnailUrl":"https:\/\/tablaoflamenco1911.com\/wp-content\/uploads\/2026\/08\/photo-2026-08-27-12-15-52.jpg","articleSection":["Cultura Flamenca"],"inLanguage":"fr-FR"},{"@type":"WebPage","@id":"https:\/\/tablaoflamenco1911.com\/fr\/el-traje-de-flamenca\/","url":"https:\/\/tablaoflamenco1911.com\/fr\/el-traje-de-flamenca\/","name":"Robe de flamenca : histoire, types et quand la porter","isPartOf":{"@id":"https:\/\/tablaoflamenco1911.com\/fr\/#website"},"primaryImageOfPage":{"@id":"https:\/\/tablaoflamenco1911.com\/fr\/el-traje-de-flamenca\/#primaryimage"},"image":{"@id":"https:\/\/tablaoflamenco1911.com\/es\/el-traje-de-flamenca\/#primaryimage"},"thumbnailUrl":"https:\/\/tablaoflamenco1911.com\/wp-content\/uploads\/2026\/08\/photo-2026-08-27-12-15-52.jpg","datePublished":"2026-08-31T08:39:57+00:00","author":{"@id":"https:\/\/tablaoflamenco1911.com\/es\/#\/schema\/person\/5c9c054f5ed0de8157b146ce7171d5e7"},"description":"D\u00e9couvrez l'origine de la robe de flamenca, les types qui existent, ses accessoires et quand on la porte vraiment. Le guide d'un tablao centenaire.","breadcrumb":{"@id":"https:\/\/tablaoflamenco1911.com\/fr\/el-traje-de-flamenca\/#breadcrumb"},"inLanguage":"fr-FR","potentialAction":[{"@type":"ReadAction","target":[["https:\/\/tablaoflamenco1911.com\/fr\/el-traje-de-flamenca\/"]]}]},{"@type":"ImageObject","inLanguage":"fr-FR","@id":"https:\/\/tablaoflamenco1911.com\/fr\/el-traje-de-flamenca\/#primaryimage","url":"https:\/\/tablaoflamenco1911.com\/wp-content\/uploads\/2026\/08\/photo-2026-08-27-12-15-52.jpg","contentUrl":"https:\/\/tablaoflamenco1911.com\/wp-content\/uploads\/2026\/08\/photo-2026-08-27-12-15-52.jpg","width":1280,"height":853,"caption":"Fotograf\u00eda de flamenco moda, 5 mujeres posando con Trajes de Flamenca o Trajes de feria"},{"@type":"BreadcrumbList","@id":"https:\/\/tablaoflamenco1911.com\/fr\/el-traje-de-flamenca\/#breadcrumb","itemListElement":[{"@type":"ListItem","position":1,"name":"Portada","item":"https:\/\/tablaoflamenco1911.com\/fr\/"},{"@type":"ListItem","position":2,"name":"Robe de flamenca"}]},{"@type":"WebSite","@id":"https:\/\/tablaoflamenco1911.com\/fr\/#website","url":"https:\/\/tablaoflamenco1911.com\/fr\/","name":"Tablao Flamenco 1911","description":"La Catedral del Flamenco en Madrid","potentialAction":[{"@type":"SearchAction","target":{"@type":"EntryPoint","urlTemplate":"https:\/\/tablaoflamenco1911.com\/fr\/?s={search_term_string}"},"query-input":{"@type":"PropertyValueSpecification","valueRequired":true,"valueName":"search_term_string"}}],"inLanguage":"fr-FR"},{"@type":"Person","@id":"https:\/\/tablaoflamenco1911.com\/es\/#\/schema\/person\/5c9c054f5ed0de8157b146ce7171d5e7","name":"Miguel Blanco","image":{"@type":"ImageObject","inLanguage":"fr-FR","@id":"https:\/\/secure.gravatar.com\/avatar\/359874fd676a9bfbf3a5d62f8bb888a22a657034662dd62c3669b5e7274a1365?s=96&d=mm&r=g","url":"https:\/\/secure.gravatar.com\/avatar\/359874fd676a9bfbf3a5d62f8bb888a22a657034662dd62c3669b5e7274a1365?s=96&d=mm&r=g","contentUrl":"https:\/\/secure.gravatar.com\/avatar\/359874fd676a9bfbf3a5d62f8bb888a22a657034662dd62c3669b5e7274a1365?s=96&d=mm&r=g","caption":"Miguel Blanco"}}]}},"_links":{"self":[{"href":"https:\/\/tablaoflamenco1911.com\/fr\/wp-json\/wp\/v2\/posts\/55613","targetHints":{"allow":["GET"]}}],"collection":[{"href":"https:\/\/tablaoflamenco1911.com\/fr\/wp-json\/wp\/v2\/posts"}],"about":[{"href":"https:\/\/tablaoflamenco1911.com\/fr\/wp-json\/wp\/v2\/types\/post"}],"author":[{"embeddable":true,"href":"https:\/\/tablaoflamenco1911.com\/fr\/wp-json\/wp\/v2\/users\/8"}],"replies":[{"embeddable":true,"href":"https:\/\/tablaoflamenco1911.com\/fr\/wp-json\/wp\/v2\/comments?post=55613"}],"version-history":[{"count":5,"href":"https:\/\/tablaoflamenco1911.com\/fr\/wp-json\/wp\/v2\/posts\/55613\/revisions"}],"predecessor-version":[{"id":55616,"href":"https:\/\/tablaoflamenco1911.com\/fr\/wp-json\/wp\/v2\/posts\/55613\/revisions\/55616"}],"wp:featuredmedia":[{"embeddable":true,"href":"https:\/\/tablaoflamenco1911.com\/fr\/wp-json\/wp\/v2\/media\/55599"}],"wp:attachment":[{"href":"https:\/\/tablaoflamenco1911.com\/fr\/wp-json\/wp\/v2\/media?parent=55613"}],"wp:term":[{"taxonomy":"category","embeddable":true,"href":"https:\/\/tablaoflamenco1911.com\/fr\/wp-json\/wp\/v2\/categories?post=55613"},{"taxonomy":"post_tag","embeddable":true,"href":"https:\/\/tablaoflamenco1911.com\/fr\/wp-json\/wp\/v2\/tags?post=55613"}],"curies":[{"name":"wp","href":"https:\/\/api.w.org\/{rel}","templated":true}]}}