{"id":54242,"date":"2025-09-25T19:41:01","date_gmt":"2025-09-25T17:41:01","guid":{"rendered":"https:\/\/tablaoflamenco1911.com\/es\/?p=54242"},"modified":"2026-03-02T17:31:35","modified_gmt":"2026-03-02T16:31:35","slug":"belen-lopez-y-antonio-canales-juntos-en-tablao-flamenco-1911","status":"publish","type":"post","link":"https:\/\/tablaoflamenco1911.com\/fr\/belen-lopez-et-antonio-canales-ensemble-au-tablao-1911\/","title":{"rendered":"Bel\u00e9n L\u00f3pez et Antonio Canales ensemble au Tablao Flamenco 1911"},"content":{"rendered":"<p><\/p>\n<h2 data-start=\"2434\" data-end=\"2595\"><strong data-start=\"2437\" data-end=\"2593\">Antonio Canales et Bel\u00e9n L\u00f3pez se retrouvent sur la sc\u00e8ne du plus ancien tablao du monde, une occasion unique pour les amateurs de flamenco authentique.<\/strong><\/h2>\n<p data-start=\"2597\" data-end=\"2916\">Au c\u0153ur culturel de la capitale, le <strong data-start=\"2633\" data-end=\"2657\">Tablao Flamenco 1911<\/strong> se pr\u00e9pare pour trois soir\u00e9es qui resteront grav\u00e9es dans les m\u00e9moires. Les <strong data-start=\"2733\" data-end=\"2754\">3, 4 et 5 octobre<\/strong>, la sc\u00e8ne la plus ancienne encore en activit\u00e9 accueillera deux g\u00e9ants : la force volcanique de <strong data-start=\"2850\" data-end=\"2865\">Bel\u00e9n L\u00f3pez<\/strong> et la ma\u00eetrise l\u00e9gendaire d\u2019<strong data-start=\"2894\" data-end=\"2913\">Antonio Canales<\/strong>.<\/p>\n<p data-start=\"2918\" data-end=\"3037\">Ce n\u2019est pas un spectacle ordinaire. C\u2019est une rencontre avec l\u2019essence la plus profonde du flamenco, un moment rare.<\/p>\n<h3 data-start=\"3039\" data-end=\"3075\">Deux \u00e9toiles, une m\u00eame passion<\/h3>\n<p data-start=\"3076\" data-end=\"3406\"><strong data-start=\"3076\" data-end=\"3091\">Bel\u00e9n L\u00f3pez<\/strong> : sa danse est un volcan. Une \u00e9nergie qui jaillit de l\u2019int\u00e9rieur et explose dans chaque tour, chaque pas. Bel\u00e9n ne danse pas pour plaire, mais pour transmettre une v\u00e9rit\u00e9, pour toucher le spectateur avec son authenticit\u00e9. Ceux qui l\u2019ont vue en direct le savent : son art est inoubliable et provoque des frissons.<\/p>\n<p data-start=\"3408\" data-end=\"3745\"><strong data-start=\"3408\" data-end=\"3427\">Antonio Canales<\/strong> : l\u00e9gende vivante du flamenco, Prix National de Danse et r\u00e9f\u00e9rence universelle. En lui coexistent \u00e9l\u00e9gance, exp\u00e9rience et passion d\u2019une vie consacr\u00e9e \u00e0 l\u2019art. Quand Canales monte sur sc\u00e8ne, il ne danse pas seulement : il raconte, il ravive les racines et nous rappelle pourquoi le flamenco est un patrimoine vivant.<\/p>\n<h3 data-start=\"3747\" data-end=\"3772\">La fusion du duende<\/h3>\n<p data-start=\"3773\" data-end=\"4125\">Ensemble sur la m\u00eame sc\u00e8ne, <strong data-start=\"3801\" data-end=\"3816\">Bel\u00e9n L\u00f3pez<\/strong> et <strong data-start=\"3820\" data-end=\"3839\">Antonio Canales<\/strong> sont un cadeau pour Madrid. Elle, avec sa passion et son temp\u00e9rament d\u00e9bordants. Lui, avec la solidit\u00e9 et la sagesse de celui qui a marqu\u00e9 l\u2019histoire. Ce qui se passera lors de ces soir\u00e9es sera unique : improvisation, magie et un tourbillon d\u2019\u00e9motions que seul le direct peut offrir.<\/p>\n<p data-start=\"4127\" data-end=\"4333\">Dans l\u2019atmosph\u00e8re intime du <strong data-start=\"4155\" data-end=\"4179\">Tablao Flamenco 1911<\/strong>, chaque respiration, chaque <em data-start=\"4208\" data-end=\"4216\">quej\u00edo<\/em> et chaque battement de mains se ressentent \u00e0 quelques centim\u00e8tres. Ici, le flamenco ne se regarde pas : il se vit.<\/p>\n<h3 data-start=\"4335\" data-end=\"4365\">Une invitation exclusive<\/h3>\n<p data-start=\"4366\" data-end=\"4541\">De telles nuits sont rares. C\u2019est pourquoi nous proposons <strong data-start=\"4424\" data-end=\"4472\">deux spectacles chaque jour (21h00 et 22h30)<\/strong>, avec une capacit\u00e9 limit\u00e9e qui garantit proximit\u00e9 et authenticit\u00e9.<\/p>\n<p data-start=\"4543\" data-end=\"4662\">Si vous aimez le flamenco, c\u2019est votre rendez-vous. Et si vous ne l\u2019avez pas encore d\u00e9couvert, c\u2019est le moment id\u00e9al.<\/p>\n<p data-start=\"4664\" data-end=\"4752\"><a href=\"https:\/\/tablaoflamenco1911.com\/fr\/acheter-des-billets\/\"><strong data-start=\"4667\" data-end=\"4750\">R\u00e9servez d\u00e8s maintenant et assurez votre place pour un \u00e9v\u00e9nement qui fera date.<\/strong><\/a><\/p>\n<p><\/p>","protected":false},"excerpt":{"rendered":"Antonio Canales et Bel\u00e9n L\u00f3pez se retrouvent sur la sc\u00e8ne du plus ancien tablao du monde, une occasion unique pour les amateurs de flamenco authentique. Au c\u0153ur culturel de la capitale, le Tablao Flamenco 1911 se pr\u00e9pare pour trois soir\u00e9es qui resteront grav\u00e9es dans les m\u00e9moires. Les 3, 4 et 5 octobre, la sc\u00e8ne la&#8230;","protected":false},"author":8,"featured_media":54245,"comment_status":"closed","ping_status":"closed","sticky":false,"template":"","format":"standard","meta":{"_acf_changed":false,"inline_featured_image":false,"footnotes":""},"categories":[18],"tags":[],"class_list":["post-54242","post","type-post","status-publish","format-standard","has-post-thumbnail","hentry","category-arte-flamenco"],"acf":[],"yoast_head":"<!-- This site is optimized with the Yoast SEO plugin v27.4 - https:\/\/yoast.com\/product\/yoast-seo-wordpress\/ -->\n<title>Bel\u00e9n L\u00f3pez et Antonio Canales ensemble au Tablao Flamenco 1911 - Tablao Flamenco 1911<\/title>\n<meta name=\"robots\" content=\"index, follow, max-snippet:-1, max-image-preview:large, max-video-preview:-1\" \/>\n<link rel=\"canonical\" href=\"\/\" \/>\n<meta property=\"og:locale\" content=\"fr_FR\" \/>\n<meta property=\"og:type\" content=\"article\" \/>\n<meta property=\"og:title\" content=\"Bel\u00e9n L\u00f3pez et Antonio Canales ensemble au Tablao Flamenco 1911 - Tablao Flamenco 1911\" \/>\n<meta property=\"og:description\" content=\"Antonio Canales et Bel\u00e9n L\u00f3pez se retrouvent sur la sc\u00e8ne du plus ancien tablao du monde, une occasion unique pour les amateurs de flamenco authentique. Au c\u0153ur culturel de la capitale, le Tablao Flamenco 1911 se pr\u00e9pare pour trois soir\u00e9es qui resteront grav\u00e9es dans les m\u00e9moires. Les 3, 4 et 5 octobre, la sc\u00e8ne la...\" \/>\n<meta property=\"og:url\" content=\"https:\/\/tablaoflamenco1911.com\/fr\/belen-lopez-y-antonio-canales-juntos-en-tablao-1911\/\" \/>\n<meta property=\"og:site_name\" content=\"Tablao Flamenco 1911\" \/>\n<meta property=\"article:published_time\" content=\"2025-09-25T17:41:01+00:00\" \/>\n<meta property=\"article:modified_time\" content=\"2026-03-02T16:31:35+00:00\" \/>\n<meta property=\"og:image\" content=\"https:\/\/tablaoflamenco1911.com\/wp-content\/uploads\/2025\/09\/cartel_belen_canales_1911_optimized.jpg\" \/>\n\t<meta property=\"og:image:width\" content=\"1920\" \/>\n\t<meta property=\"og:image:height\" content=\"1080\" \/>\n\t<meta property=\"og:image:type\" content=\"image\/jpeg\" \/>\n<meta name=\"author\" content=\"Miguel Blanco\" \/>\n<meta name=\"twitter:card\" content=\"summary_large_image\" \/>\n<meta name=\"twitter:label1\" content=\"\u00c9crit par\" \/>\n\t<meta name=\"twitter:data1\" content=\"Miguel Blanco\" \/>\n\t<meta name=\"twitter:label2\" content=\"Dur\u00e9e de lecture estim\u00e9e\" \/>\n\t<meta name=\"twitter:data2\" content=\"2 minutes\" \/>\n<script type=\"application\/ld+json\" class=\"yoast-schema-graph\">{\"@context\":\"https:\\\/\\\/schema.org\",\"@graph\":[{\"@type\":\"Article\",\"@id\":\"https:\\\/\\\/tablaoflamenco1911.com\\\/es\\\/belen-lopez-y-antonio-canales-juntos-en-tablao-1911\\\/#article\",\"isPartOf\":{\"@id\":\"https:\\\/\\\/tablaoflamenco1911.com\\\/es\\\/belen-lopez-y-antonio-canales-juntos-en-tablao-1911\\\/\"},\"author\":{\"name\":\"Miguel Blanco\",\"@id\":\"https:\\\/\\\/tablaoflamenco1911.com\\\/es\\\/#\\\/schema\\\/person\\\/5c9c054f5ed0de8157b146ce7171d5e7\"},\"headline\":\"Bel\u00e9n L\u00f3pez et Antonio Canales ensemble au Tablao Flamenco 1911\",\"datePublished\":\"2025-09-25T17:41:01+00:00\",\"dateModified\":\"2026-03-02T16:31:35+00:00\",\"mainEntityOfPage\":{\"@id\":\"https:\\\/\\\/tablaoflamenco1911.com\\\/es\\\/belen-lopez-y-antonio-canales-juntos-en-tablao-1911\\\/\"},\"wordCount\":4158,\"image\":{\"@id\":\"https:\\\/\\\/tablaoflamenco1911.com\\\/es\\\/belen-lopez-y-antonio-canales-juntos-en-tablao-1911\\\/#primaryimage\"},\"thumbnailUrl\":\"https:\\\/\\\/tablaoflamenco1911.com\\\/wp-content\\\/uploads\\\/2025\\\/09\\\/cartel_belen_canales_1911_optimized.jpg\",\"articleSection\":[\"Arte Flamenco\"],\"inLanguage\":\"fr-FR\"},{\"@type\":\"WebPage\",\"@id\":\"https:\\\/\\\/tablaoflamenco1911.com\\\/fr\\\/belen-lopez-y-antonio-canales-juntos-en-tablao-1911\\\/\",\"url\":\"https:\\\/\\\/tablaoflamenco1911.com\\\/fr\\\/belen-lopez-y-antonio-canales-juntos-en-tablao-1911\\\/\",\"name\":\"Bel\u00e9n L\u00f3pez et Antonio Canales ensemble au Tablao Flamenco 1911 - Tablao Flamenco 1911\",\"isPartOf\":{\"@id\":\"https:\\\/\\\/tablaoflamenco1911.com\\\/fr\\\/#website\"},\"primaryImageOfPage\":{\"@id\":\"https:\\\/\\\/tablaoflamenco1911.com\\\/fr\\\/belen-lopez-y-antonio-canales-juntos-en-tablao-1911\\\/#primaryimage\"},\"image\":{\"@id\":\"https:\\\/\\\/tablaoflamenco1911.com\\\/es\\\/belen-lopez-y-antonio-canales-juntos-en-tablao-1911\\\/#primaryimage\"},\"thumbnailUrl\":\"https:\\\/\\\/tablaoflamenco1911.com\\\/wp-content\\\/uploads\\\/2025\\\/09\\\/cartel_belen_canales_1911_optimized.jpg\",\"datePublished\":\"2025-09-25T17:41:01+00:00\",\"dateModified\":\"2026-03-02T16:31:35+00:00\",\"author\":{\"@id\":\"https:\\\/\\\/tablaoflamenco1911.com\\\/es\\\/#\\\/schema\\\/person\\\/5c9c054f5ed0de8157b146ce7171d5e7\"},\"breadcrumb\":{\"@id\":\"https:\\\/\\\/tablaoflamenco1911.com\\\/fr\\\/belen-lopez-y-antonio-canales-juntos-en-tablao-1911\\\/#breadcrumb\"},\"inLanguage\":\"fr-FR\",\"potentialAction\":[{\"@type\":\"ReadAction\",\"target\":[[\"https:\\\/\\\/tablaoflamenco1911.com\\\/fr\\\/belen-lopez-y-antonio-canales-juntos-en-tablao-1911\\\/\"]]}]},{\"@type\":\"ImageObject\",\"inLanguage\":\"fr-FR\",\"@id\":\"https:\\\/\\\/tablaoflamenco1911.com\\\/fr\\\/belen-lopez-y-antonio-canales-juntos-en-tablao-1911\\\/#primaryimage\",\"url\":\"https:\\\/\\\/tablaoflamenco1911.com\\\/wp-content\\\/uploads\\\/2025\\\/09\\\/cartel_belen_canales_1911_optimized.jpg\",\"contentUrl\":\"https:\\\/\\\/tablaoflamenco1911.com\\\/wp-content\\\/uploads\\\/2025\\\/09\\\/cartel_belen_canales_1911_optimized.jpg\",\"width\":1920,\"height\":1080,\"caption\":\"Antonio Canales y Bel\u00e9n L\u00f3pez bailan juntos en Tablao Flamenco 1911\"},{\"@type\":\"BreadcrumbList\",\"@id\":\"https:\\\/\\\/tablaoflamenco1911.com\\\/fr\\\/belen-lopez-y-antonio-canales-juntos-en-tablao-1911\\\/#breadcrumb\",\"itemListElement\":[{\"@type\":\"ListItem\",\"position\":1,\"name\":\"Portada\",\"item\":\"https:\\\/\\\/tablaoflamenco1911.com\\\/fr\\\/\"},{\"@type\":\"ListItem\",\"position\":2,\"name\":\"Bel\u00e9n L\u00f3pez y Antonio Canales juntos en Tablao Flamenco 1911\"}]},{\"@type\":\"WebSite\",\"@id\":\"https:\\\/\\\/tablaoflamenco1911.com\\\/fr\\\/#website\",\"url\":\"https:\\\/\\\/tablaoflamenco1911.com\\\/fr\\\/\",\"name\":\"Tablao Flamenco 1911\",\"description\":\"La Catedral del Flamenco en Madrid\",\"potentialAction\":[{\"@type\":\"SearchAction\",\"target\":{\"@type\":\"EntryPoint\",\"urlTemplate\":\"https:\\\/\\\/tablaoflamenco1911.com\\\/fr\\\/?s={search_term_string}\"},\"query-input\":{\"@type\":\"PropertyValueSpecification\",\"valueRequired\":true,\"valueName\":\"search_term_string\"}}],\"inLanguage\":\"fr-FR\"},{\"@type\":\"Person\",\"@id\":\"https:\\\/\\\/tablaoflamenco1911.com\\\/es\\\/#\\\/schema\\\/person\\\/5c9c054f5ed0de8157b146ce7171d5e7\",\"name\":\"Miguel Blanco\",\"image\":{\"@type\":\"ImageObject\",\"inLanguage\":\"fr-FR\",\"@id\":\"https:\\\/\\\/secure.gravatar.com\\\/avatar\\\/359874fd676a9bfbf3a5d62f8bb888a22a657034662dd62c3669b5e7274a1365?s=96&d=mm&r=g\",\"url\":\"https:\\\/\\\/secure.gravatar.com\\\/avatar\\\/359874fd676a9bfbf3a5d62f8bb888a22a657034662dd62c3669b5e7274a1365?s=96&d=mm&r=g\",\"contentUrl\":\"https:\\\/\\\/secure.gravatar.com\\\/avatar\\\/359874fd676a9bfbf3a5d62f8bb888a22a657034662dd62c3669b5e7274a1365?s=96&d=mm&r=g\",\"caption\":\"Miguel Blanco\"}}]}<\/script>\n<!-- \/ Yoast SEO plugin. -->","yoast_head_json":{"title":"Bel\u00e9n L\u00f3pez et Antonio Canales ensemble au Tablao Flamenco 1911 - Tablao Flamenco 1911","robots":{"index":"index","follow":"follow","max-snippet":"max-snippet:-1","max-image-preview":"max-image-preview:large","max-video-preview":"max-video-preview:-1"},"canonical":"\/","og_locale":"fr_FR","og_type":"article","og_title":"Bel\u00e9n L\u00f3pez et Antonio Canales ensemble au Tablao Flamenco 1911 - Tablao Flamenco 1911","og_description":"Antonio Canales et Bel\u00e9n L\u00f3pez se retrouvent sur la sc\u00e8ne du plus ancien tablao du monde, une occasion unique pour les amateurs de flamenco authentique. Au c\u0153ur culturel de la capitale, le Tablao Flamenco 1911 se pr\u00e9pare pour trois soir\u00e9es qui resteront grav\u00e9es dans les m\u00e9moires. Les 3, 4 et 5 octobre, la sc\u00e8ne la...","og_url":"https:\/\/tablaoflamenco1911.com\/fr\/belen-lopez-y-antonio-canales-juntos-en-tablao-1911\/","og_site_name":"Tablao Flamenco 1911","article_published_time":"2025-09-25T17:41:01+00:00","article_modified_time":"2026-03-02T16:31:35+00:00","og_image":[{"width":1920,"height":1080,"url":"https:\/\/tablaoflamenco1911.com\/wp-content\/uploads\/2025\/09\/cartel_belen_canales_1911_optimized.jpg","type":"image\/jpeg"}],"author":"Miguel Blanco","twitter_card":"summary_large_image","twitter_misc":{"\u00c9crit par":"Miguel Blanco","Dur\u00e9e de lecture estim\u00e9e":"2 minutes"},"schema":{"@context":"https:\/\/schema.org","@graph":[{"@type":"Article","@id":"https:\/\/tablaoflamenco1911.com\/es\/belen-lopez-y-antonio-canales-juntos-en-tablao-1911\/#article","isPartOf":{"@id":"https:\/\/tablaoflamenco1911.com\/es\/belen-lopez-y-antonio-canales-juntos-en-tablao-1911\/"},"author":{"name":"Miguel Blanco","@id":"https:\/\/tablaoflamenco1911.com\/es\/#\/schema\/person\/5c9c054f5ed0de8157b146ce7171d5e7"},"headline":"Bel\u00e9n L\u00f3pez et Antonio Canales ensemble au Tablao Flamenco 1911","datePublished":"2025-09-25T17:41:01+00:00","dateModified":"2026-03-02T16:31:35+00:00","mainEntityOfPage":{"@id":"https:\/\/tablaoflamenco1911.com\/es\/belen-lopez-y-antonio-canales-juntos-en-tablao-1911\/"},"wordCount":4158,"image":{"@id":"https:\/\/tablaoflamenco1911.com\/es\/belen-lopez-y-antonio-canales-juntos-en-tablao-1911\/#primaryimage"},"thumbnailUrl":"https:\/\/tablaoflamenco1911.com\/wp-content\/uploads\/2025\/09\/cartel_belen_canales_1911_optimized.jpg","articleSection":["Arte Flamenco"],"inLanguage":"fr-FR"},{"@type":"WebPage","@id":"https:\/\/tablaoflamenco1911.com\/fr\/belen-lopez-y-antonio-canales-juntos-en-tablao-1911\/","url":"https:\/\/tablaoflamenco1911.com\/fr\/belen-lopez-y-antonio-canales-juntos-en-tablao-1911\/","name":"Bel\u00e9n L\u00f3pez et Antonio Canales ensemble au Tablao Flamenco 1911 - Tablao Flamenco 1911","isPartOf":{"@id":"https:\/\/tablaoflamenco1911.com\/fr\/#website"},"primaryImageOfPage":{"@id":"https:\/\/tablaoflamenco1911.com\/fr\/belen-lopez-y-antonio-canales-juntos-en-tablao-1911\/#primaryimage"},"image":{"@id":"https:\/\/tablaoflamenco1911.com\/es\/belen-lopez-y-antonio-canales-juntos-en-tablao-1911\/#primaryimage"},"thumbnailUrl":"https:\/\/tablaoflamenco1911.com\/wp-content\/uploads\/2025\/09\/cartel_belen_canales_1911_optimized.jpg","datePublished":"2025-09-25T17:41:01+00:00","dateModified":"2026-03-02T16:31:35+00:00","author":{"@id":"https:\/\/tablaoflamenco1911.com\/es\/#\/schema\/person\/5c9c054f5ed0de8157b146ce7171d5e7"},"breadcrumb":{"@id":"https:\/\/tablaoflamenco1911.com\/fr\/belen-lopez-y-antonio-canales-juntos-en-tablao-1911\/#breadcrumb"},"inLanguage":"fr-FR","potentialAction":[{"@type":"ReadAction","target":[["https:\/\/tablaoflamenco1911.com\/fr\/belen-lopez-y-antonio-canales-juntos-en-tablao-1911\/"]]}]},{"@type":"ImageObject","inLanguage":"fr-FR","@id":"https:\/\/tablaoflamenco1911.com\/fr\/belen-lopez-y-antonio-canales-juntos-en-tablao-1911\/#primaryimage","url":"https:\/\/tablaoflamenco1911.com\/wp-content\/uploads\/2025\/09\/cartel_belen_canales_1911_optimized.jpg","contentUrl":"https:\/\/tablaoflamenco1911.com\/wp-content\/uploads\/2025\/09\/cartel_belen_canales_1911_optimized.jpg","width":1920,"height":1080,"caption":"Antonio Canales y Bel\u00e9n L\u00f3pez bailan juntos en Tablao Flamenco 1911"},{"@type":"BreadcrumbList","@id":"https:\/\/tablaoflamenco1911.com\/fr\/belen-lopez-y-antonio-canales-juntos-en-tablao-1911\/#breadcrumb","itemListElement":[{"@type":"ListItem","position":1,"name":"Portada","item":"https:\/\/tablaoflamenco1911.com\/fr\/"},{"@type":"ListItem","position":2,"name":"Bel\u00e9n L\u00f3pez y Antonio Canales juntos en Tablao Flamenco 1911"}]},{"@type":"WebSite","@id":"https:\/\/tablaoflamenco1911.com\/fr\/#website","url":"https:\/\/tablaoflamenco1911.com\/fr\/","name":"Tablao Flamenco 1911","description":"La Catedral del Flamenco en Madrid","potentialAction":[{"@type":"SearchAction","target":{"@type":"EntryPoint","urlTemplate":"https:\/\/tablaoflamenco1911.com\/fr\/?s={search_term_string}"},"query-input":{"@type":"PropertyValueSpecification","valueRequired":true,"valueName":"search_term_string"}}],"inLanguage":"fr-FR"},{"@type":"Person","@id":"https:\/\/tablaoflamenco1911.com\/es\/#\/schema\/person\/5c9c054f5ed0de8157b146ce7171d5e7","name":"Miguel Blanco","image":{"@type":"ImageObject","inLanguage":"fr-FR","@id":"https:\/\/secure.gravatar.com\/avatar\/359874fd676a9bfbf3a5d62f8bb888a22a657034662dd62c3669b5e7274a1365?s=96&d=mm&r=g","url":"https:\/\/secure.gravatar.com\/avatar\/359874fd676a9bfbf3a5d62f8bb888a22a657034662dd62c3669b5e7274a1365?s=96&d=mm&r=g","contentUrl":"https:\/\/secure.gravatar.com\/avatar\/359874fd676a9bfbf3a5d62f8bb888a22a657034662dd62c3669b5e7274a1365?s=96&d=mm&r=g","caption":"Miguel Blanco"}}]}},"_links":{"self":[{"href":"https:\/\/tablaoflamenco1911.com\/fr\/wp-json\/wp\/v2\/posts\/54242","targetHints":{"allow":["GET"]}}],"collection":[{"href":"https:\/\/tablaoflamenco1911.com\/fr\/wp-json\/wp\/v2\/posts"}],"about":[{"href":"https:\/\/tablaoflamenco1911.com\/fr\/wp-json\/wp\/v2\/types\/post"}],"author":[{"embeddable":true,"href":"https:\/\/tablaoflamenco1911.com\/fr\/wp-json\/wp\/v2\/users\/8"}],"replies":[{"embeddable":true,"href":"https:\/\/tablaoflamenco1911.com\/fr\/wp-json\/wp\/v2\/comments?post=54242"}],"version-history":[{"count":3,"href":"https:\/\/tablaoflamenco1911.com\/fr\/wp-json\/wp\/v2\/posts\/54242\/revisions"}],"predecessor-version":[{"id":54246,"href":"https:\/\/tablaoflamenco1911.com\/fr\/wp-json\/wp\/v2\/posts\/54242\/revisions\/54246"}],"wp:featuredmedia":[{"embeddable":true,"href":"https:\/\/tablaoflamenco1911.com\/fr\/wp-json\/wp\/v2\/media\/54245"}],"wp:attachment":[{"href":"https:\/\/tablaoflamenco1911.com\/fr\/wp-json\/wp\/v2\/media?parent=54242"}],"wp:term":[{"taxonomy":"category","embeddable":true,"href":"https:\/\/tablaoflamenco1911.com\/fr\/wp-json\/wp\/v2\/categories?post=54242"},{"taxonomy":"post_tag","embeddable":true,"href":"https:\/\/tablaoflamenco1911.com\/fr\/wp-json\/wp\/v2\/tags?post=54242"}],"curies":[{"name":"wp","href":"https:\/\/api.w.org\/{rel}","templated":true}]}}