{"id":17764,"date":"2023-06-08T14:03:50","date_gmt":"2023-06-08T12:03:50","guid":{"rendered":"https:\/\/tablaoflamenco1911.com\/es\/?p=17764"},"modified":"2026-03-02T17:17:12","modified_gmt":"2026-03-02T16:17:12","slug":"carmen-suela-la-hija-del-maitre-mas-importante-en-los-anos-50","status":"publish","type":"post","link":"https:\/\/tablaoflamenco1911.com\/fr\/carmen-suela-la-hija-del-maitre-mas-importante-en-los-anos-50\/","title":{"rendered":"Carmen Suela, la fille du ma\u00eetre d&rsquo;h\u00f4tel le plus important des ann\u00e9es 50"},"content":{"rendered":"<p><strong>Nous sommes assis au Tablao Flamenco 1911 (anciennement connu sous un autre nom), nous venons de voir le spectacle et nous rencontrons Carmen Suela, la fille du ma\u00eetre d&rsquo;h\u00f4tel le plus important que le Tablao ait eu dans les ann\u00e9es 50. Elle se souvient encore de l&rsquo;\u00e9poque o\u00f9 elle vivait avec sa famille au-dessus du tablao et o\u00f9 le son du flamenco inondait sa chambre. Ses yeux brillent encore lorsqu&rsquo;elle parle de cet endroit merveilleux, elle qui r\u00eavait de devenir danseuse. Les moments uniques de ces ann\u00e9es dor\u00e9es \u00e9taient tr\u00e8s sp\u00e9ciaux.<\/strong><\/p>\n<p>&nbsp;<\/p>\n<h5>Nous avons demand\u00e9 \u00e0 Carmen de nous parler de son exp\u00e9rience \u00e0 cette \u00e9poque et voici ce qu&rsquo;elle nous a dit :<\/h5>\n<p>&nbsp;<\/p>\n<h5>\u00c0 quoi ressemblait le Tablao Flamenco 191 \u00e0 l&rsquo;\u00e9poque ?<\/h5>\n<p><em>\u00c0 l&rsquo;\u00e9poque, le tablao \u00e9tait la meilleure des meilleures. <strong>Elle a toujours \u00e9t\u00e9 un lieu de puret\u00e9 et d&rsquo;\u00e9l\u00e9gance.<\/strong> Par \u00e9l\u00e9gance, j&rsquo;entends le type d&rsquo;\u00eatre humain et les sentiments m\u00e9lang\u00e9s.<\/em><\/p>\n<h5><em>Les artistes venaient du monde entier, Ava Gardner, Ernest Hemingway, Luis Miguel Domingu\u00edn, Nino Benvenuti et bien d&rsquo;autres encore. Pendant que \u00ab\u00a0La Pantoja\u00a0\u00bb chantait, des dames en costumes divins, des manteaux glamour, des messieurs en costumes impeccables, il y avait de quoi saliver.<\/em><\/h5>\n<p><em>\u00c0 l&rsquo;\u00e9poque, les propri\u00e9taires s&rsquo;appelaient \u00ab\u00a0Don Luis\u00a0\u00bb et \u00ab\u00a0El Payo\u00a0\u00bb et il y avait des r\u00e9unions de toutes sortes de personnes, des hommes d&rsquo;affaires, des gens du monde du cin\u00e9ma, des artistes, etc. Il y avait aussi des d\u00eeners, des gens qui venaient boire un verre, des gens qui ressentaient ce qu&rsquo;ils \u00e9coutaient, ce qu&rsquo;ils dansaient, ce qu&rsquo;ils vibraient. Un sentiment pur.<\/em><\/p>\n<p><img loading=\"lazy\" decoding=\"async\" class=\"alignnone wp-image-18115 size-full\" src=\"https:\/\/tablaoflamenco1911.com\/wp-content\/uploads\/2023\/06\/carmen-suela-6-scaled.jpg\" alt=\"\" width=\"2560\" height=\"1440\" \/><\/p>\n<h5>Quels changements avez-vous remarqu\u00e9s en voyant le tablao aujourd&rsquo;hui ?<\/h5>\n<p><strong>J&rsquo;ai remarqu\u00e9 que les gens aiment vraiment le flamenco aujourd&rsquo;hui, m\u00eame si certaines personnes qui n&rsquo;y connaissent pas grand-chose sont surprises, car la danse elle-m\u00eame a beaucoup \u00e9volu\u00e9 depuis. Auparavant, les gens dansaient davantage et ne faisaient pas autant de jeux de jambes.<\/strong><\/p>\n<p>Je pense qu&rsquo;il y a des gens qui sont \u00e9tonn\u00e9s lorsqu&rsquo;ils voient du flamenco en direct. C&rsquo;est-\u00e0-dire qu&rsquo;ils remarquent la proximit\u00e9 du bailaor et ses sentiments, les cantes intenses comme la sole\u00e1 qui est tr\u00e8s sinc\u00e8re, et dans l&rsquo;ensemble, je pense que les gens aiment \u00e7a.<\/p>\n<p>Peut-\u00eatre que quelqu&rsquo;un comme moi, qui a une certaine exp\u00e9rience de la sc\u00e8ne, remarque comment la bailaora bouge son bras ou comment elle tourne son pied et ainsi de suite, <strong>mais parce que je pense aussi que le flamenco doit \u00eatre valoris\u00e9 comme il le m\u00e9rite.<\/strong><\/p>\n<p>&nbsp;<\/p>\n<h5>Est-il important de r\u00e9cup\u00e9rer ces lieux ?<\/h5>\n<p>Je pense que oui. Fondamentalement, le Tablao Flamenco 1911 doit conserver le sentiment, l&rsquo;\u00e9l\u00e9gance et la qualit\u00e9. C&rsquo;est un lieu r\u00e9el et sinc\u00e8re, qui offre un spectacle authentique. En outre, il donne un autre type d&rsquo;entit\u00e9 \u00e0 ce quartier divin et maintient l&rsquo;essence de l&rsquo;ensemble. Si vous avez une croyance, battez-vous pour elle, plus elle est authentique, plus elle a de valeur.<\/p>","protected":false},"excerpt":{"rendered":"Nous sommes assis au Tablao Flamenco 1911 (anciennement connu sous un autre nom), nous venons de voir le spectacle et nous rencontrons Carmen Suela, la fille du ma\u00eetre d&rsquo;h\u00f4tel le plus important que le Tablao ait eu dans les ann\u00e9es 50. Elle se souvient encore de l&rsquo;\u00e9poque o\u00f9 elle vivait avec sa famille au-dessus du&#8230;","protected":false},"author":7,"featured_media":17767,"comment_status":"closed","ping_status":"closed","sticky":false,"template":"","format":"standard","meta":{"_acf_changed":false,"inline_featured_image":false,"footnotes":""},"categories":[7],"tags":[],"class_list":["post-17764","post","type-post","status-publish","format-standard","has-post-thumbnail","hentry","category-tablao-flamenco-1911"],"acf":[],"yoast_head":"<!-- This site is optimized with the Yoast SEO plugin v27.5 - https:\/\/yoast.com\/product\/yoast-seo-wordpress\/ -->\n<title>Carmen Suela, la fille du ma\u00eetre d&#039;h\u00f4tel le plus important des ann\u00e9es 50 - Tablao Flamenco 1911<\/title>\n<meta name=\"robots\" content=\"index, follow, max-snippet:-1, max-image-preview:large, max-video-preview:-1\" \/>\n<link rel=\"canonical\" href=\"\/\" \/>\n<meta property=\"og:locale\" content=\"fr_FR\" \/>\n<meta property=\"og:type\" content=\"article\" \/>\n<meta property=\"og:title\" content=\"Carmen Suela, la fille du ma\u00eetre d&#039;h\u00f4tel le plus important des ann\u00e9es 50 - Tablao Flamenco 1911\" \/>\n<meta property=\"og:description\" content=\"Nous sommes assis au Tablao Flamenco 1911 (anciennement connu sous un autre nom), nous venons de voir le spectacle et nous rencontrons Carmen Suela, la fille du ma\u00eetre d&rsquo;h\u00f4tel le plus important que le Tablao ait eu dans les ann\u00e9es 50. Elle se souvient encore de l&rsquo;\u00e9poque o\u00f9 elle vivait avec sa famille au-dessus du...\" \/>\n<meta property=\"og:url\" content=\"https:\/\/tablaoflamenco1911.com\/fr\/carmen-suela-la-hija-del-maitre-mas-importante-en-los-anos-50\/\" \/>\n<meta property=\"og:site_name\" content=\"Tablao Flamenco 1911\" \/>\n<meta property=\"article:published_time\" content=\"2023-06-08T12:03:50+00:00\" \/>\n<meta property=\"article:modified_time\" content=\"2026-03-02T16:17:12+00:00\" \/>\n<meta property=\"og:image\" content=\"https:\/\/tablaoflamenco1911.com\/wp-content\/uploads\/2023\/06\/carmen-suela-8-scaled.jpg\" \/>\n\t<meta property=\"og:image:width\" content=\"2560\" \/>\n\t<meta property=\"og:image:height\" content=\"1440\" \/>\n\t<meta property=\"og:image:type\" content=\"image\/jpeg\" \/>\n<meta name=\"author\" content=\"social\" \/>\n<meta name=\"twitter:card\" content=\"summary_large_image\" \/>\n<meta name=\"twitter:label1\" content=\"\u00c9crit par\" \/>\n\t<meta name=\"twitter:data1\" content=\"social\" \/>\n\t<meta name=\"twitter:label2\" content=\"Dur\u00e9e de lecture estim\u00e9e\" \/>\n\t<meta name=\"twitter:data2\" content=\"3 minutes\" \/>\n<script type=\"application\/ld+json\" class=\"yoast-schema-graph\">{\"@context\":\"https:\\\/\\\/schema.org\",\"@graph\":[{\"@type\":\"Article\",\"@id\":\"https:\\\/\\\/tablaoflamenco1911.com\\\/es\\\/carmen-suela-la-hija-del-maitre-mas-importante-en-los-anos-50\\\/#article\",\"isPartOf\":{\"@id\":\"https:\\\/\\\/tablaoflamenco1911.com\\\/es\\\/carmen-suela-la-hija-del-maitre-mas-importante-en-los-anos-50\\\/\"},\"author\":{\"name\":\"social\",\"@id\":\"https:\\\/\\\/tablaoflamenco1911.com\\\/es\\\/#\\\/schema\\\/person\\\/69e9b4e39a0f10f7e7c80b5876eed299\"},\"headline\":\"Carmen Suela, la fille du ma\u00eetre d&rsquo;h\u00f4tel le plus important des ann\u00e9es 50\",\"datePublished\":\"2023-06-08T12:03:50+00:00\",\"dateModified\":\"2026-03-02T16:17:12+00:00\",\"mainEntityOfPage\":{\"@id\":\"https:\\\/\\\/tablaoflamenco1911.com\\\/es\\\/carmen-suela-la-hija-del-maitre-mas-importante-en-los-anos-50\\\/\"},\"wordCount\":1508,\"image\":{\"@id\":\"https:\\\/\\\/tablaoflamenco1911.com\\\/es\\\/carmen-suela-la-hija-del-maitre-mas-importante-en-los-anos-50\\\/#primaryimage\"},\"thumbnailUrl\":\"https:\\\/\\\/tablaoflamenco1911.com\\\/wp-content\\\/uploads\\\/2023\\\/06\\\/carmen-suela-8-scaled.jpg\",\"articleSection\":[\"Tablao Flamenco 1911\"],\"inLanguage\":\"fr-FR\"},{\"@type\":\"WebPage\",\"@id\":\"https:\\\/\\\/tablaoflamenco1911.com\\\/fr\\\/carmen-suela-la-hija-del-maitre-mas-importante-en-los-anos-50\\\/\",\"url\":\"https:\\\/\\\/tablaoflamenco1911.com\\\/fr\\\/carmen-suela-la-hija-del-maitre-mas-importante-en-los-anos-50\\\/\",\"name\":\"Carmen Suela, la fille du ma\u00eetre d'h\u00f4tel le plus important des ann\u00e9es 50 - Tablao Flamenco 1911\",\"isPartOf\":{\"@id\":\"https:\\\/\\\/tablaoflamenco1911.com\\\/fr\\\/#website\"},\"primaryImageOfPage\":{\"@id\":\"https:\\\/\\\/tablaoflamenco1911.com\\\/fr\\\/carmen-suela-la-hija-del-maitre-mas-importante-en-los-anos-50\\\/#primaryimage\"},\"image\":{\"@id\":\"https:\\\/\\\/tablaoflamenco1911.com\\\/es\\\/carmen-suela-la-hija-del-maitre-mas-importante-en-los-anos-50\\\/#primaryimage\"},\"thumbnailUrl\":\"https:\\\/\\\/tablaoflamenco1911.com\\\/wp-content\\\/uploads\\\/2023\\\/06\\\/carmen-suela-8-scaled.jpg\",\"datePublished\":\"2023-06-08T12:03:50+00:00\",\"dateModified\":\"2026-03-02T16:17:12+00:00\",\"author\":{\"@id\":\"https:\\\/\\\/tablaoflamenco1911.com\\\/es\\\/#\\\/schema\\\/person\\\/69e9b4e39a0f10f7e7c80b5876eed299\"},\"breadcrumb\":{\"@id\":\"https:\\\/\\\/tablaoflamenco1911.com\\\/fr\\\/carmen-suela-la-hija-del-maitre-mas-importante-en-los-anos-50\\\/#breadcrumb\"},\"inLanguage\":\"fr-FR\",\"potentialAction\":[{\"@type\":\"ReadAction\",\"target\":[[\"https:\\\/\\\/tablaoflamenco1911.com\\\/fr\\\/carmen-suela-la-hija-del-maitre-mas-importante-en-los-anos-50\\\/\"]]}]},{\"@type\":\"ImageObject\",\"inLanguage\":\"fr-FR\",\"@id\":\"https:\\\/\\\/tablaoflamenco1911.com\\\/fr\\\/carmen-suela-la-hija-del-maitre-mas-importante-en-los-anos-50\\\/#primaryimage\",\"url\":\"https:\\\/\\\/tablaoflamenco1911.com\\\/wp-content\\\/uploads\\\/2023\\\/06\\\/carmen-suela-8-scaled.jpg\",\"contentUrl\":\"https:\\\/\\\/tablaoflamenco1911.com\\\/wp-content\\\/uploads\\\/2023\\\/06\\\/carmen-suela-8-scaled.jpg\",\"width\":2560,\"height\":1440},{\"@type\":\"BreadcrumbList\",\"@id\":\"https:\\\/\\\/tablaoflamenco1911.com\\\/fr\\\/carmen-suela-la-hija-del-maitre-mas-importante-en-los-anos-50\\\/#breadcrumb\",\"itemListElement\":[{\"@type\":\"ListItem\",\"position\":1,\"name\":\"Portada\",\"item\":\"https:\\\/\\\/tablaoflamenco1911.com\\\/fr\\\/\"},{\"@type\":\"ListItem\",\"position\":2,\"name\":\"Carmen Suela la hija del maitre m\u00e1s importante en los a\u00f1os 50\"}]},{\"@type\":\"WebSite\",\"@id\":\"https:\\\/\\\/tablaoflamenco1911.com\\\/fr\\\/#website\",\"url\":\"https:\\\/\\\/tablaoflamenco1911.com\\\/fr\\\/\",\"name\":\"Tablao Flamenco 1911\",\"description\":\"La Catedral del Flamenco en Madrid\",\"potentialAction\":[{\"@type\":\"SearchAction\",\"target\":{\"@type\":\"EntryPoint\",\"urlTemplate\":\"https:\\\/\\\/tablaoflamenco1911.com\\\/fr\\\/?s={search_term_string}\"},\"query-input\":{\"@type\":\"PropertyValueSpecification\",\"valueRequired\":true,\"valueName\":\"search_term_string\"}}],\"inLanguage\":\"fr-FR\"},{\"@type\":\"Person\",\"@id\":\"https:\\\/\\\/tablaoflamenco1911.com\\\/es\\\/#\\\/schema\\\/person\\\/69e9b4e39a0f10f7e7c80b5876eed299\",\"name\":\"social\",\"image\":{\"@type\":\"ImageObject\",\"inLanguage\":\"fr-FR\",\"@id\":\"https:\\\/\\\/secure.gravatar.com\\\/avatar\\\/03e9de3ecfee324d80d68d010093be908281455ba0a2c9e8e0b216a0b6f33cc5?s=96&d=mm&r=g\",\"url\":\"https:\\\/\\\/secure.gravatar.com\\\/avatar\\\/03e9de3ecfee324d80d68d010093be908281455ba0a2c9e8e0b216a0b6f33cc5?s=96&d=mm&r=g\",\"contentUrl\":\"https:\\\/\\\/secure.gravatar.com\\\/avatar\\\/03e9de3ecfee324d80d68d010093be908281455ba0a2c9e8e0b216a0b6f33cc5?s=96&d=mm&r=g\",\"caption\":\"social\"}}]}<\/script>\n<!-- \/ Yoast SEO plugin. -->","yoast_head_json":{"title":"Carmen Suela, la fille du ma\u00eetre d'h\u00f4tel le plus important des ann\u00e9es 50 - Tablao Flamenco 1911","robots":{"index":"index","follow":"follow","max-snippet":"max-snippet:-1","max-image-preview":"max-image-preview:large","max-video-preview":"max-video-preview:-1"},"canonical":"\/","og_locale":"fr_FR","og_type":"article","og_title":"Carmen Suela, la fille du ma\u00eetre d'h\u00f4tel le plus important des ann\u00e9es 50 - Tablao Flamenco 1911","og_description":"Nous sommes assis au Tablao Flamenco 1911 (anciennement connu sous un autre nom), nous venons de voir le spectacle et nous rencontrons Carmen Suela, la fille du ma\u00eetre d&rsquo;h\u00f4tel le plus important que le Tablao ait eu dans les ann\u00e9es 50. Elle se souvient encore de l&rsquo;\u00e9poque o\u00f9 elle vivait avec sa famille au-dessus du...","og_url":"https:\/\/tablaoflamenco1911.com\/fr\/carmen-suela-la-hija-del-maitre-mas-importante-en-los-anos-50\/","og_site_name":"Tablao Flamenco 1911","article_published_time":"2023-06-08T12:03:50+00:00","article_modified_time":"2026-03-02T16:17:12+00:00","og_image":[{"width":2560,"height":1440,"url":"https:\/\/tablaoflamenco1911.com\/wp-content\/uploads\/2023\/06\/carmen-suela-8-scaled.jpg","type":"image\/jpeg"}],"author":"social","twitter_card":"summary_large_image","twitter_misc":{"\u00c9crit par":"social","Dur\u00e9e de lecture estim\u00e9e":"3 minutes"},"schema":{"@context":"https:\/\/schema.org","@graph":[{"@type":"Article","@id":"https:\/\/tablaoflamenco1911.com\/es\/carmen-suela-la-hija-del-maitre-mas-importante-en-los-anos-50\/#article","isPartOf":{"@id":"https:\/\/tablaoflamenco1911.com\/es\/carmen-suela-la-hija-del-maitre-mas-importante-en-los-anos-50\/"},"author":{"name":"social","@id":"https:\/\/tablaoflamenco1911.com\/es\/#\/schema\/person\/69e9b4e39a0f10f7e7c80b5876eed299"},"headline":"Carmen Suela, la fille du ma\u00eetre d&rsquo;h\u00f4tel le plus important des ann\u00e9es 50","datePublished":"2023-06-08T12:03:50+00:00","dateModified":"2026-03-02T16:17:12+00:00","mainEntityOfPage":{"@id":"https:\/\/tablaoflamenco1911.com\/es\/carmen-suela-la-hija-del-maitre-mas-importante-en-los-anos-50\/"},"wordCount":1508,"image":{"@id":"https:\/\/tablaoflamenco1911.com\/es\/carmen-suela-la-hija-del-maitre-mas-importante-en-los-anos-50\/#primaryimage"},"thumbnailUrl":"https:\/\/tablaoflamenco1911.com\/wp-content\/uploads\/2023\/06\/carmen-suela-8-scaled.jpg","articleSection":["Tablao Flamenco 1911"],"inLanguage":"fr-FR"},{"@type":"WebPage","@id":"https:\/\/tablaoflamenco1911.com\/fr\/carmen-suela-la-hija-del-maitre-mas-importante-en-los-anos-50\/","url":"https:\/\/tablaoflamenco1911.com\/fr\/carmen-suela-la-hija-del-maitre-mas-importante-en-los-anos-50\/","name":"Carmen Suela, la fille du ma\u00eetre d'h\u00f4tel le plus important des ann\u00e9es 50 - Tablao Flamenco 1911","isPartOf":{"@id":"https:\/\/tablaoflamenco1911.com\/fr\/#website"},"primaryImageOfPage":{"@id":"https:\/\/tablaoflamenco1911.com\/fr\/carmen-suela-la-hija-del-maitre-mas-importante-en-los-anos-50\/#primaryimage"},"image":{"@id":"https:\/\/tablaoflamenco1911.com\/es\/carmen-suela-la-hija-del-maitre-mas-importante-en-los-anos-50\/#primaryimage"},"thumbnailUrl":"https:\/\/tablaoflamenco1911.com\/wp-content\/uploads\/2023\/06\/carmen-suela-8-scaled.jpg","datePublished":"2023-06-08T12:03:50+00:00","dateModified":"2026-03-02T16:17:12+00:00","author":{"@id":"https:\/\/tablaoflamenco1911.com\/es\/#\/schema\/person\/69e9b4e39a0f10f7e7c80b5876eed299"},"breadcrumb":{"@id":"https:\/\/tablaoflamenco1911.com\/fr\/carmen-suela-la-hija-del-maitre-mas-importante-en-los-anos-50\/#breadcrumb"},"inLanguage":"fr-FR","potentialAction":[{"@type":"ReadAction","target":[["https:\/\/tablaoflamenco1911.com\/fr\/carmen-suela-la-hija-del-maitre-mas-importante-en-los-anos-50\/"]]}]},{"@type":"ImageObject","inLanguage":"fr-FR","@id":"https:\/\/tablaoflamenco1911.com\/fr\/carmen-suela-la-hija-del-maitre-mas-importante-en-los-anos-50\/#primaryimage","url":"https:\/\/tablaoflamenco1911.com\/wp-content\/uploads\/2023\/06\/carmen-suela-8-scaled.jpg","contentUrl":"https:\/\/tablaoflamenco1911.com\/wp-content\/uploads\/2023\/06\/carmen-suela-8-scaled.jpg","width":2560,"height":1440},{"@type":"BreadcrumbList","@id":"https:\/\/tablaoflamenco1911.com\/fr\/carmen-suela-la-hija-del-maitre-mas-importante-en-los-anos-50\/#breadcrumb","itemListElement":[{"@type":"ListItem","position":1,"name":"Portada","item":"https:\/\/tablaoflamenco1911.com\/fr\/"},{"@type":"ListItem","position":2,"name":"Carmen Suela la hija del maitre m\u00e1s importante en los a\u00f1os 50"}]},{"@type":"WebSite","@id":"https:\/\/tablaoflamenco1911.com\/fr\/#website","url":"https:\/\/tablaoflamenco1911.com\/fr\/","name":"Tablao Flamenco 1911","description":"La Catedral del Flamenco en Madrid","potentialAction":[{"@type":"SearchAction","target":{"@type":"EntryPoint","urlTemplate":"https:\/\/tablaoflamenco1911.com\/fr\/?s={search_term_string}"},"query-input":{"@type":"PropertyValueSpecification","valueRequired":true,"valueName":"search_term_string"}}],"inLanguage":"fr-FR"},{"@type":"Person","@id":"https:\/\/tablaoflamenco1911.com\/es\/#\/schema\/person\/69e9b4e39a0f10f7e7c80b5876eed299","name":"social","image":{"@type":"ImageObject","inLanguage":"fr-FR","@id":"https:\/\/secure.gravatar.com\/avatar\/03e9de3ecfee324d80d68d010093be908281455ba0a2c9e8e0b216a0b6f33cc5?s=96&d=mm&r=g","url":"https:\/\/secure.gravatar.com\/avatar\/03e9de3ecfee324d80d68d010093be908281455ba0a2c9e8e0b216a0b6f33cc5?s=96&d=mm&r=g","contentUrl":"https:\/\/secure.gravatar.com\/avatar\/03e9de3ecfee324d80d68d010093be908281455ba0a2c9e8e0b216a0b6f33cc5?s=96&d=mm&r=g","caption":"social"}}]}},"_links":{"self":[{"href":"https:\/\/tablaoflamenco1911.com\/fr\/wp-json\/wp\/v2\/posts\/17764","targetHints":{"allow":["GET"]}}],"collection":[{"href":"https:\/\/tablaoflamenco1911.com\/fr\/wp-json\/wp\/v2\/posts"}],"about":[{"href":"https:\/\/tablaoflamenco1911.com\/fr\/wp-json\/wp\/v2\/types\/post"}],"author":[{"embeddable":true,"href":"https:\/\/tablaoflamenco1911.com\/fr\/wp-json\/wp\/v2\/users\/7"}],"replies":[{"embeddable":true,"href":"https:\/\/tablaoflamenco1911.com\/fr\/wp-json\/wp\/v2\/comments?post=17764"}],"version-history":[{"count":47,"href":"https:\/\/tablaoflamenco1911.com\/fr\/wp-json\/wp\/v2\/posts\/17764\/revisions"}],"predecessor-version":[{"id":27788,"href":"https:\/\/tablaoflamenco1911.com\/fr\/wp-json\/wp\/v2\/posts\/17764\/revisions\/27788"}],"wp:featuredmedia":[{"embeddable":true,"href":"https:\/\/tablaoflamenco1911.com\/fr\/wp-json\/wp\/v2\/media\/17767"}],"wp:attachment":[{"href":"https:\/\/tablaoflamenco1911.com\/fr\/wp-json\/wp\/v2\/media?parent=17764"}],"wp:term":[{"taxonomy":"category","embeddable":true,"href":"https:\/\/tablaoflamenco1911.com\/fr\/wp-json\/wp\/v2\/categories?post=17764"},{"taxonomy":"post_tag","embeddable":true,"href":"https:\/\/tablaoflamenco1911.com\/fr\/wp-json\/wp\/v2\/tags?post=17764"}],"curies":[{"name":"wp","href":"https:\/\/api.w.org\/{rel}","templated":true}]}}