{"id":55613,"date":"2026-08-31T10:39:57","date_gmt":"2026-08-31T08:39:57","guid":{"rendered":"https:\/\/tablaoflamenco1911.com\/es\/?p=55613"},"modified":"2026-08-27T15:46:12","modified_gmt":"2026-08-27T13:46:12","slug":"55613-2","status":"publish","type":"post","link":"https:\/\/tablaoflamenco1911.com\/es\/el-traje-de-flamenca\/","title":{"rendered":"El traje de flamenca: historia, tipos y cu\u00e1ndo se lleva"},"content":{"rendered":"<p>Es probablemente la prenda espa\u00f1ola m\u00e1s reconocible del mundo. Lunares, volantes, cintura marcada y un vuelo que ocupa la calle entera. <strong>El traje de flamenca no naci\u00f3 para el escenario: naci\u00f3 para trabajar.<\/strong><\/p>\n<p>Vamos a ver qu\u00e9 es exactamente, de d\u00f3nde viene, qu\u00e9 tipos hay, c\u00f3mo se completa y cu\u00e1ndo se lleva de verdad.<\/p>\n<h2>Qu\u00e9 es el traje de flamenca (\u00bfo traje de gitana?)<\/h2>\n<p>El traje de flamenca es el vestido femenino que se lleva en las ferias y romer\u00edas del sur de Espa\u00f1a. Ce\u00f1ido hasta la cadera, con la falda abierta en volantes y, muy a menudo, estampado de lunares.<\/p>\n<p>Y aqu\u00ed la primera aclaraci\u00f3n, porque genera dudas: en Andaluc\u00eda muchos lo llaman <strong>\u00abtraje de gitana\u00bb<\/strong>, y es el nombre tradicional. \u00abTraje de flamenca\u00bb es la denominaci\u00f3n que se ha impuesto con el tiempo, sobre todo fuera. <strong>Las dos son correctas y designan la misma prenda<\/strong>; solo cambia la costumbre de cada sitio y de cada generaci\u00f3n.<\/p>\n<p>Lo que s\u00ed conviene no confundir es el traje de feria con el <strong>vestuario de baile<\/strong>. Se parecen, pero no son lo mismo, y al final del art\u00edculo ver\u00e1s por qu\u00e9.<\/p>\n<h2>El origen: de la bata de faena al traje de feria<\/h2>\n<p>Aqu\u00ed est\u00e1 lo bonito de esta prenda: no la dise\u00f1\u00f3 nadie para lucirla. Viene de la ropa de trabajo.<\/p>\n<p>En las ferias de ganado del siglo XIX, las mujeres que acompa\u00f1aban a los tratantes llevaban <strong>batas sencillas de percal con volantes<\/strong>, c\u00f3modas y baratas, para andar entre animales y polvo. Aquellas batas humildes empezaron a llamar la atenci\u00f3n por su gracia, y poco a poco fueron subiendo de categor\u00eda: mejores telas, m\u00e1s volantes, m\u00e1s adorno.<\/p>\n<p><strong>Lo que era ropa de faena acab\u00f3 siendo el traje oficial de la fiesta.<\/strong> Ese salto se consolid\u00f3 a lo largo del siglo XX, hasta convertirse en la \u00fanica indumentaria regional espa\u00f1ola que sigue una moda, con colecciones y tendencias cada temporada.<\/p>\n<h2>Tipos de traje de flamenca<\/h2>\n<p>No hay un traje de flamenca, hay muchos. Estos son los cortes que m\u00e1s se ven:<\/p>\n<p><strong>Canastero.<\/strong> El m\u00e1s gitano y el m\u00e1s reconocible: muy ajustado hasta las rodillas y con uno o dos volantes grandes que se abren de golpe. Da mucha figura y obliga a caminar con cierto aire, lo cual es parte de su encanto.<\/p>\n<p><strong>De volantes.<\/strong> El cl\u00e1sico de la feria: varios volantes escalonados desde la cadera, con mucho vuelo. Cuantos m\u00e1s volantes, m\u00e1s movimiento y m\u00e1s peso.<\/p>\n<p><strong>Corte sirena.<\/strong> Ce\u00f1ido hasta bien abajo, con el vuelo concentrado al final. Elegante y estilizado.<\/p>\n<p>Y luego est\u00e1n las variantes de manga, escote y falda que cambian cada temporada. Porque, insistimos, <strong>el traje de flamenca tiene moda propia<\/strong>: lo que se lleva un a\u00f1o no es lo de hace cinco.<\/p>\n<h2>Los complementos: peineta, flor y mant\u00f3n<\/h2>\n<p>El traje solo es la mitad. La otra mitad son los complementos, y ah\u00ed se ve qui\u00e9n sabe:<\/p>\n<ul>\n<li><strong>La flor<\/strong>, colocada en el pelo, grande o discreta, a un lado.<\/li>\n<li><strong>La <a href=\"https:\/\/tablaoflamenco1911.com\/es\/la-peineta-flamenca\/\">peineta flamenca<\/a><\/strong>, que da altura al recogido.<\/li>\n<li><strong>El mantoncillo<\/strong>, cruzado sobre los hombros y anudado en el pecho.<\/li>\n<li><strong>Los zarcillos<\/strong>, esos pendientes grandes que se mueven al andar.<\/li>\n<li><strong>El mant\u00f3n de Manila<\/strong> bordado, para las noches frescas y para las estampas m\u00e1s se\u00f1oriales.<\/li>\n<\/ul>\n<p>La regla es la misma que con todo lo flamenco: <strong>el equilibrio antes que la cantidad<\/strong>. Un traje bien puesto con dos complementos acertados gana siempre a uno recargado.<\/p>\n<h2>Cu\u00e1ndo se lleva de verdad (y c\u00f3mo ir a una feria sin \u00e9l)<\/h2>\n<p>Seamos claros. El traje de flamenca se lleva en la <strong>Feria de Abril, en las ferias de los pueblos y en romer\u00edas<\/strong> como la del Roc\u00edo. Ah\u00ed es donde tiene sentido y donde se ve por miles.<\/p>\n<p>Y una respuesta honesta a una duda muy com\u00fan: <strong>no hace falta traje de flamenca para ir a una feria.<\/strong> Much\u00edsima gente va sin \u00e9l, y no pasa nada. Funcionan igual de bien una falda con volantes, un vestido sencillo con una flor en el pelo o un mantoncillo sobre algo neutro. Lo que no se estila es disfrazarse: mejor ir c\u00f3modo y con un gui\u00f1o que forzar un traje alquilado que no te sienta.<\/p>\n<p>Y en un tablao, \u00bfqu\u00e9 se lleva? Ah\u00ed conviene otra aclaraci\u00f3n: <strong>la bailaora no baila con traje de feria<\/strong>. Sobre el escenario se usa vestuario de baile \u2014faldas de vuelo, bata de cola\u2014, pensado para moverse, y el p\u00fablico va como quiera, sin c\u00f3digo de vestimenta. Igual que pasa con la peineta o el sombrero cordob\u00e9s, cada cosa tiene su momento.<\/p>\n<p><img loading=\"lazy\" decoding=\"async\" width=\"820\" height=\"1024\" class=\"aligncenter size-large wp-image-55575\" src=\"https:\/\/tablaoflamenco1911.com\/wp-content\/uploads\/2026\/08\/traje-flamenca-paula-820x1024.webp\" alt=\"\" \/><\/p>\n<p>Dicho eso, la estampa del traje de flamenca es inseparable de la imagen del flamenco en el mundo, y verla en su ambiente no tiene precio. Si quieres vivir el arte que est\u00e1 detr\u00e1s de todo esto, ven a nuestro <a href=\"https:\/\/tablaoflamenco1911.com\/es\/\">tablao flamenco en Madrid<\/a> y si\u00e9ntelo a un par de metros.<\/p>","protected":false},"excerpt":{"rendered":"Es probablemente la prenda espa\u00f1ola m\u00e1s reconocible del mundo. Lunares, volantes, cintura marcada y un vuelo que ocupa la calle entera. El traje de flamenca no naci\u00f3 para el escenario: naci\u00f3 para trabajar. Vamos a ver qu\u00e9 es exactamente, de d\u00f3nde viene, qu\u00e9 tipos hay, c\u00f3mo se completa y cu\u00e1ndo se lleva de verdad. Qu\u00e9&#8230;","protected":false},"author":8,"featured_media":55599,"comment_status":"closed","ping_status":"closed","sticky":false,"template":"","format":"standard","meta":{"_acf_changed":false,"inline_featured_image":false,"footnotes":""},"categories":[19],"tags":[],"class_list":["post-55613","post","type-post","status-publish","format-standard","has-post-thumbnail","hentry","category-cultura-flamenca"],"acf":[],"yoast_head":"<!-- This site is optimized with the Yoast SEO plugin v28.3 - https:\/\/yoast.com\/product\/yoast-seo-wordpress\/ -->\n<title>Traje de flamenca: historia, tipos y cu\u00e1ndo se lleva<\/title>\n<meta name=\"description\" content=\"Descubre el origen del traje de flamenca, los tipos que existen, sus complementos y cu\u00e1ndo se lleva de verdad. Gu\u00eda de un tablao con m\u00e1s de un siglo.\" \/>\n<meta name=\"robots\" content=\"index, follow, max-snippet:-1, max-image-preview:large, max-video-preview:-1\" \/>\n<link rel=\"canonical\" href=\"\/\" \/>\n<meta property=\"og:locale\" content=\"es_ES\" \/>\n<meta property=\"og:type\" content=\"article\" \/>\n<meta property=\"og:title\" content=\"Traje de flamenca: historia, tipos y cu\u00e1ndo se lleva\" \/>\n<meta property=\"og:description\" content=\"Descubre el origen del traje de flamenca, los tipos que existen, sus complementos y cu\u00e1ndo se lleva de verdad. Gu\u00eda de un tablao con m\u00e1s de un siglo.\" \/>\n<meta property=\"og:url\" content=\"https:\/\/tablaoflamenco1911.com\/es\/el-traje-de-flamenca\/\" \/>\n<meta property=\"og:site_name\" content=\"Tablao Flamenco 1911\" \/>\n<meta property=\"article:published_time\" content=\"2026-08-31T08:39:57+00:00\" \/>\n<meta property=\"og:image\" content=\"https:\/\/tablaoflamenco1911.com\/wp-content\/uploads\/2026\/08\/photo-2026-08-27-12-15-52.jpg\" \/>\n\t<meta property=\"og:image:width\" content=\"1280\" \/>\n\t<meta property=\"og:image:height\" content=\"853\" \/>\n\t<meta property=\"og:image:type\" content=\"image\/jpeg\" \/>\n<meta name=\"author\" content=\"Miguel Blanco\" \/>\n<meta name=\"twitter:card\" content=\"summary_large_image\" \/>\n<meta name=\"twitter:label1\" content=\"Escrito por\" \/>\n\t<meta name=\"twitter:data1\" content=\"Miguel Blanco\" \/>\n\t<meta name=\"twitter:label2\" content=\"Tiempo de lectura\" \/>\n\t<meta name=\"twitter:data2\" content=\"4 minutos\" \/>\n<script type=\"application\/ld+json\" class=\"yoast-schema-graph\">{\"@context\":\"https:\\\/\\\/schema.org\",\"@graph\":[{\"@type\":\"Article\",\"@id\":\"https:\\\/\\\/tablaoflamenco1911.com\\\/es\\\/el-traje-de-flamenca\\\/#article\",\"isPartOf\":{\"@id\":\"https:\\\/\\\/tablaoflamenco1911.com\\\/es\\\/el-traje-de-flamenca\\\/\"},\"author\":{\"name\":\"Miguel Blanco\",\"@id\":\"https:\\\/\\\/tablaoflamenco1911.com\\\/es\\\/#\\\/schema\\\/person\\\/5c9c054f5ed0de8157b146ce7171d5e7\"},\"headline\":\"El traje de flamenca: historia, tipos y cu\u00e1ndo se lleva\",\"datePublished\":\"2026-08-31T08:39:57+00:00\",\"mainEntityOfPage\":{\"@id\":\"https:\\\/\\\/tablaoflamenco1911.com\\\/es\\\/el-traje-de-flamenca\\\/\"},\"wordCount\":9232,\"image\":{\"@id\":\"https:\\\/\\\/tablaoflamenco1911.com\\\/es\\\/el-traje-de-flamenca\\\/#primaryimage\"},\"thumbnailUrl\":\"https:\\\/\\\/tablaoflamenco1911.com\\\/wp-content\\\/uploads\\\/2026\\\/08\\\/photo-2026-08-27-12-15-52.jpg\",\"articleSection\":[\"Cultura Flamenca\"],\"inLanguage\":\"es\"},{\"@type\":\"WebPage\",\"@id\":\"https:\\\/\\\/tablaoflamenco1911.com\\\/es\\\/el-traje-de-flamenca\\\/\",\"url\":\"https:\\\/\\\/tablaoflamenco1911.com\\\/es\\\/el-traje-de-flamenca\\\/\",\"name\":\"Traje de flamenca: historia, tipos y cu\u00e1ndo se lleva\",\"isPartOf\":{\"@id\":\"https:\\\/\\\/tablaoflamenco1911.com\\\/es\\\/#website\"},\"primaryImageOfPage\":{\"@id\":\"https:\\\/\\\/tablaoflamenco1911.com\\\/es\\\/el-traje-de-flamenca\\\/#primaryimage\"},\"image\":{\"@id\":\"https:\\\/\\\/tablaoflamenco1911.com\\\/es\\\/el-traje-de-flamenca\\\/#primaryimage\"},\"thumbnailUrl\":\"https:\\\/\\\/tablaoflamenco1911.com\\\/wp-content\\\/uploads\\\/2026\\\/08\\\/photo-2026-08-27-12-15-52.jpg\",\"datePublished\":\"2026-08-31T08:39:57+00:00\",\"author\":{\"@id\":\"https:\\\/\\\/tablaoflamenco1911.com\\\/es\\\/#\\\/schema\\\/person\\\/5c9c054f5ed0de8157b146ce7171d5e7\"},\"description\":\"Descubre el origen del traje de flamenca, los tipos que existen, sus complementos y cu\u00e1ndo se lleva de verdad. Gu\u00eda de un tablao con m\u00e1s de un siglo.\",\"breadcrumb\":{\"@id\":\"https:\\\/\\\/tablaoflamenco1911.com\\\/es\\\/el-traje-de-flamenca\\\/#breadcrumb\"},\"inLanguage\":\"es\",\"potentialAction\":[{\"@type\":\"ReadAction\",\"target\":[[\"https:\\\/\\\/tablaoflamenco1911.com\\\/es\\\/el-traje-de-flamenca\\\/\"]]}]},{\"@type\":\"ImageObject\",\"inLanguage\":\"es\",\"@id\":\"https:\\\/\\\/tablaoflamenco1911.com\\\/es\\\/el-traje-de-flamenca\\\/#primaryimage\",\"url\":\"https:\\\/\\\/tablaoflamenco1911.com\\\/wp-content\\\/uploads\\\/2026\\\/08\\\/photo-2026-08-27-12-15-52.jpg\",\"contentUrl\":\"https:\\\/\\\/tablaoflamenco1911.com\\\/wp-content\\\/uploads\\\/2026\\\/08\\\/photo-2026-08-27-12-15-52.jpg\",\"width\":1280,\"height\":853,\"caption\":\"Fotograf\u00eda de flamenco moda, 5 mujeres posando con Trajes de Flamenca o Trajes de feria\"},{\"@type\":\"BreadcrumbList\",\"@id\":\"https:\\\/\\\/tablaoflamenco1911.com\\\/es\\\/el-traje-de-flamenca\\\/#breadcrumb\",\"itemListElement\":[{\"@type\":\"ListItem\",\"position\":1,\"name\":\"Portada\",\"item\":\"https:\\\/\\\/tablaoflamenco1911.com\\\/es\\\/\"},{\"@type\":\"ListItem\",\"position\":2,\"name\":\"Traje de flamenca\"}]},{\"@type\":\"WebSite\",\"@id\":\"https:\\\/\\\/tablaoflamenco1911.com\\\/es\\\/#website\",\"url\":\"https:\\\/\\\/tablaoflamenco1911.com\\\/es\\\/\",\"name\":\"Tablao Flamenco 1911\",\"description\":\"La Catedral del Flamenco en Madrid\",\"potentialAction\":[{\"@type\":\"SearchAction\",\"target\":{\"@type\":\"EntryPoint\",\"urlTemplate\":\"https:\\\/\\\/tablaoflamenco1911.com\\\/es\\\/?s={search_term_string}\"},\"query-input\":{\"@type\":\"PropertyValueSpecification\",\"valueRequired\":true,\"valueName\":\"search_term_string\"}}],\"inLanguage\":\"es\"},{\"@type\":\"Person\",\"@id\":\"https:\\\/\\\/tablaoflamenco1911.com\\\/es\\\/#\\\/schema\\\/person\\\/5c9c054f5ed0de8157b146ce7171d5e7\",\"name\":\"Miguel Blanco\",\"image\":{\"@type\":\"ImageObject\",\"inLanguage\":\"es\",\"@id\":\"https:\\\/\\\/secure.gravatar.com\\\/avatar\\\/359874fd676a9bfbf3a5d62f8bb888a22a657034662dd62c3669b5e7274a1365?s=96&d=mm&r=g\",\"url\":\"https:\\\/\\\/secure.gravatar.com\\\/avatar\\\/359874fd676a9bfbf3a5d62f8bb888a22a657034662dd62c3669b5e7274a1365?s=96&d=mm&r=g\",\"contentUrl\":\"https:\\\/\\\/secure.gravatar.com\\\/avatar\\\/359874fd676a9bfbf3a5d62f8bb888a22a657034662dd62c3669b5e7274a1365?s=96&d=mm&r=g\",\"caption\":\"Miguel Blanco\"}}]}<\/script>\n<!-- \/ Yoast SEO plugin. -->","yoast_head_json":{"title":"Traje de flamenca: historia, tipos y cu\u00e1ndo se lleva","description":"Descubre el origen del traje de flamenca, los tipos que existen, sus complementos y cu\u00e1ndo se lleva de verdad. Gu\u00eda de un tablao con m\u00e1s de un siglo.","robots":{"index":"index","follow":"follow","max-snippet":"max-snippet:-1","max-image-preview":"max-image-preview:large","max-video-preview":"max-video-preview:-1"},"canonical":"\/","og_locale":"es_ES","og_type":"article","og_title":"Traje de flamenca: historia, tipos y cu\u00e1ndo se lleva","og_description":"Descubre el origen del traje de flamenca, los tipos que existen, sus complementos y cu\u00e1ndo se lleva de verdad. Gu\u00eda de un tablao con m\u00e1s de un siglo.","og_url":"https:\/\/tablaoflamenco1911.com\/es\/el-traje-de-flamenca\/","og_site_name":"Tablao Flamenco 1911","article_published_time":"2026-08-31T08:39:57+00:00","og_image":[{"width":1280,"height":853,"url":"https:\/\/tablaoflamenco1911.com\/wp-content\/uploads\/2026\/08\/photo-2026-08-27-12-15-52.jpg","type":"image\/jpeg"}],"author":"Miguel Blanco","twitter_card":"summary_large_image","twitter_misc":{"Escrito por":"Miguel Blanco","Tiempo de lectura":"4 minutos"},"schema":{"@context":"https:\/\/schema.org","@graph":[{"@type":"Article","@id":"https:\/\/tablaoflamenco1911.com\/es\/el-traje-de-flamenca\/#article","isPartOf":{"@id":"https:\/\/tablaoflamenco1911.com\/es\/el-traje-de-flamenca\/"},"author":{"name":"Miguel Blanco","@id":"https:\/\/tablaoflamenco1911.com\/es\/#\/schema\/person\/5c9c054f5ed0de8157b146ce7171d5e7"},"headline":"El traje de flamenca: historia, tipos y cu\u00e1ndo se lleva","datePublished":"2026-08-31T08:39:57+00:00","mainEntityOfPage":{"@id":"https:\/\/tablaoflamenco1911.com\/es\/el-traje-de-flamenca\/"},"wordCount":9232,"image":{"@id":"https:\/\/tablaoflamenco1911.com\/es\/el-traje-de-flamenca\/#primaryimage"},"thumbnailUrl":"https:\/\/tablaoflamenco1911.com\/wp-content\/uploads\/2026\/08\/photo-2026-08-27-12-15-52.jpg","articleSection":["Cultura Flamenca"],"inLanguage":"es"},{"@type":"WebPage","@id":"https:\/\/tablaoflamenco1911.com\/es\/el-traje-de-flamenca\/","url":"https:\/\/tablaoflamenco1911.com\/es\/el-traje-de-flamenca\/","name":"Traje de flamenca: historia, tipos y cu\u00e1ndo se lleva","isPartOf":{"@id":"https:\/\/tablaoflamenco1911.com\/es\/#website"},"primaryImageOfPage":{"@id":"https:\/\/tablaoflamenco1911.com\/es\/el-traje-de-flamenca\/#primaryimage"},"image":{"@id":"https:\/\/tablaoflamenco1911.com\/es\/el-traje-de-flamenca\/#primaryimage"},"thumbnailUrl":"https:\/\/tablaoflamenco1911.com\/wp-content\/uploads\/2026\/08\/photo-2026-08-27-12-15-52.jpg","datePublished":"2026-08-31T08:39:57+00:00","author":{"@id":"https:\/\/tablaoflamenco1911.com\/es\/#\/schema\/person\/5c9c054f5ed0de8157b146ce7171d5e7"},"description":"Descubre el origen del traje de flamenca, los tipos que existen, sus complementos y cu\u00e1ndo se lleva de verdad. Gu\u00eda de un tablao con m\u00e1s de un siglo.","breadcrumb":{"@id":"https:\/\/tablaoflamenco1911.com\/es\/el-traje-de-flamenca\/#breadcrumb"},"inLanguage":"es","potentialAction":[{"@type":"ReadAction","target":[["https:\/\/tablaoflamenco1911.com\/es\/el-traje-de-flamenca\/"]]}]},{"@type":"ImageObject","inLanguage":"es","@id":"https:\/\/tablaoflamenco1911.com\/es\/el-traje-de-flamenca\/#primaryimage","url":"https:\/\/tablaoflamenco1911.com\/wp-content\/uploads\/2026\/08\/photo-2026-08-27-12-15-52.jpg","contentUrl":"https:\/\/tablaoflamenco1911.com\/wp-content\/uploads\/2026\/08\/photo-2026-08-27-12-15-52.jpg","width":1280,"height":853,"caption":"Fotograf\u00eda de flamenco moda, 5 mujeres posando con Trajes de Flamenca o Trajes de feria"},{"@type":"BreadcrumbList","@id":"https:\/\/tablaoflamenco1911.com\/es\/el-traje-de-flamenca\/#breadcrumb","itemListElement":[{"@type":"ListItem","position":1,"name":"Portada","item":"https:\/\/tablaoflamenco1911.com\/es\/"},{"@type":"ListItem","position":2,"name":"Traje de flamenca"}]},{"@type":"WebSite","@id":"https:\/\/tablaoflamenco1911.com\/es\/#website","url":"https:\/\/tablaoflamenco1911.com\/es\/","name":"Tablao Flamenco 1911","description":"La Catedral del Flamenco en Madrid","potentialAction":[{"@type":"SearchAction","target":{"@type":"EntryPoint","urlTemplate":"https:\/\/tablaoflamenco1911.com\/es\/?s={search_term_string}"},"query-input":{"@type":"PropertyValueSpecification","valueRequired":true,"valueName":"search_term_string"}}],"inLanguage":"es"},{"@type":"Person","@id":"https:\/\/tablaoflamenco1911.com\/es\/#\/schema\/person\/5c9c054f5ed0de8157b146ce7171d5e7","name":"Miguel Blanco","image":{"@type":"ImageObject","inLanguage":"es","@id":"https:\/\/secure.gravatar.com\/avatar\/359874fd676a9bfbf3a5d62f8bb888a22a657034662dd62c3669b5e7274a1365?s=96&d=mm&r=g","url":"https:\/\/secure.gravatar.com\/avatar\/359874fd676a9bfbf3a5d62f8bb888a22a657034662dd62c3669b5e7274a1365?s=96&d=mm&r=g","contentUrl":"https:\/\/secure.gravatar.com\/avatar\/359874fd676a9bfbf3a5d62f8bb888a22a657034662dd62c3669b5e7274a1365?s=96&d=mm&r=g","caption":"Miguel Blanco"}}]}},"_links":{"self":[{"href":"https:\/\/tablaoflamenco1911.com\/es\/wp-json\/wp\/v2\/posts\/55613","targetHints":{"allow":["GET"]}}],"collection":[{"href":"https:\/\/tablaoflamenco1911.com\/es\/wp-json\/wp\/v2\/posts"}],"about":[{"href":"https:\/\/tablaoflamenco1911.com\/es\/wp-json\/wp\/v2\/types\/post"}],"author":[{"embeddable":true,"href":"https:\/\/tablaoflamenco1911.com\/es\/wp-json\/wp\/v2\/users\/8"}],"replies":[{"embeddable":true,"href":"https:\/\/tablaoflamenco1911.com\/es\/wp-json\/wp\/v2\/comments?post=55613"}],"version-history":[{"count":5,"href":"https:\/\/tablaoflamenco1911.com\/es\/wp-json\/wp\/v2\/posts\/55613\/revisions"}],"predecessor-version":[{"id":55616,"href":"https:\/\/tablaoflamenco1911.com\/es\/wp-json\/wp\/v2\/posts\/55613\/revisions\/55616"}],"wp:featuredmedia":[{"embeddable":true,"href":"https:\/\/tablaoflamenco1911.com\/es\/wp-json\/wp\/v2\/media\/55599"}],"wp:attachment":[{"href":"https:\/\/tablaoflamenco1911.com\/es\/wp-json\/wp\/v2\/media?parent=55613"}],"wp:term":[{"taxonomy":"category","embeddable":true,"href":"https:\/\/tablaoflamenco1911.com\/es\/wp-json\/wp\/v2\/categories?post=55613"},{"taxonomy":"post_tag","embeddable":true,"href":"https:\/\/tablaoflamenco1911.com\/es\/wp-json\/wp\/v2\/tags?post=55613"}],"curies":[{"name":"wp","href":"https:\/\/api.w.org\/{rel}","templated":true}]}}