{"id":55613,"date":"2026-08-31T10:39:57","date_gmt":"2026-08-31T08:39:57","guid":{"rendered":"https:\/\/tablaoflamenco1911.com\/es\/?p=55613"},"modified":"2026-08-27T15:46:12","modified_gmt":"2026-08-27T13:46:12","slug":"55613-2","status":"publish","type":"post","link":"https:\/\/tablaoflamenco1911.com\/de\/das-flamenco-kleid\/","title":{"rendered":"Das Flamenco-Kleid: Geschichte, Typen und wann man es tr\u00e4gt"},"content":{"rendered":"<p>Es ist wohl das wiedererkennbarste spanische Kleidungsst\u00fcck der Welt. Tupfen, Volants, betonte Taille und ein Schwung, der die ganze Stra\u00dfe einnimmt. <strong>Das Flamenco-Kleid wurde nicht f\u00fcr die B\u00fchne geboren, sondern f\u00fcr die Arbeit.<\/strong><\/p>\n<p>Schauen wir uns an, was es genau ist, woher es kommt, welche Typen es gibt, wie man es vervollst\u00e4ndigt und wann man es wirklich tr\u00e4gt.<\/p>\n<h2>Was das Flamenco-Kleid ist (oder Zigeunerkleid?)<\/h2>\n<p>Das Flamenco-Kleid ist das Frauenkleid, das man auf den Festen und Wallfahrten S\u00fcdspaniens tr\u00e4gt. Bis zur H\u00fcfte eng anliegend, mit einem Rock, der sich in Volants \u00f6ffnet, und sehr oft mit Punktmuster.<\/p>\n<p>Und hier die erste Klarstellung, denn sie sorgt f\u00fcr Verwirrung: In Andalusien nennen es viele <strong>\u201etraje de gitana&#8220;<\/strong> (Zigeunerkleid), und das ist der traditionelle Name. \u201eTraje de flamenca&#8220; ist die Bezeichnung, die sich mit der Zeit durchgesetzt hat, besonders im Ausland. <strong>Beide sind korrekt und bezeichnen dasselbe Kleidungsst\u00fcck<\/strong>; es \u00e4ndert sich nur der Brauch von Ort zu Ort und von Generation zu Generation.<\/p>\n<p>Was man nicht verwechseln sollte, ist das Festkleid mit dem <strong>Tanzkost\u00fcm<\/strong>. Sie \u00e4hneln sich, sind aber nicht dasselbe, und am Ende des Artikels wirst du sehen, warum.<\/p>\n<h2>Der Ursprung: vom Arbeitskittel zum Festkleid<\/h2>\n<p>Hier liegt das Sch\u00f6ne an diesem Kleidungsst\u00fcck: Niemand hat es entworfen, um damit zu gl\u00e4nzen. Es kommt von der Arbeitskleidung.<\/p>\n<p>Auf den Viehm\u00e4rkten des 19. Jahrhunderts trugen die Frauen, die die H\u00e4ndler begleiteten, <strong>einfache Perkal-Kittel mit Volants<\/strong>, bequem und billig, um zwischen Tieren und Staub zu gehen. Jene bescheidenen Kittel begannen durch ihre Anmut aufzufallen, und St\u00fcck f\u00fcr St\u00fcck stiegen sie auf: bessere Stoffe, mehr Volants, mehr Zierat.<\/p>\n<p><strong>Was Arbeitskleidung war, wurde am Ende das offizielle Kleid des Festes.<\/strong> Dieser Sprung festigte sich im Laufe des 20. Jahrhunderts, bis es zur einzigen spanischen Regionaltracht wurde, die einer Mode folgt, mit Kollektionen und Trends in jeder Saison.<\/p>\n<h2>Typen des Flamenco-Kleids<\/h2>\n<p>Es gibt nicht ein Flamenco-Kleid, es gibt viele. Dies sind die h\u00e4ufigsten Schnitte:<\/p>\n<p><strong>Canastero.<\/strong> Der zigeunerischste und wiedererkennbarste: bis zu den Knien sehr eng und mit einem oder zwei gro\u00dfen Volants, die sich auf einmal \u00f6ffnen. Er formt die Figur und zwingt zu einem bestimmten Gang, was Teil seines Reizes ist.<\/p>\n<p><strong>Mit Volants.<\/strong> Der Klassiker der Feria: mehrere gestufte Volants von der H\u00fcfte an, mit viel Schwung. Je mehr Volants, desto mehr Bewegung und desto mehr Gewicht.<\/p>\n<p><strong>Meerjungfrauen-Schnitt.<\/strong> Weit nach unten eng anliegend, mit dem Schwung am Ende konzentriert. Elegant und gestreckt.<\/p>\n<p>Und dann sind da die Varianten von \u00c4rmel, Ausschnitt und Rock, die sich jede Saison \u00e4ndern. Denn, wir bestehen darauf: <strong>das Flamenco-Kleid hat seine eigene Mode<\/strong>. Was man in einem Jahr tr\u00e4gt, ist nicht das von vor f\u00fcnf Jahren.<\/p>\n<h2>Das Zubeh\u00f6r: Peineta, Blume und Tuch<\/h2>\n<p>Das Kleid ist nur die H\u00e4lfte. Die andere H\u00e4lfte ist das Zubeh\u00f6r, und daran erkennt man, wer sich auskennt:<\/p>\n<ul>\n<li><strong>Die Blume<\/strong>, ins Haar gesteckt, gro\u00df oder dezent, an einer Seite.<\/li>\n<li><strong>Die <a href=\"https:\/\/tablaoflamenco1911.com\/de\/flamenco-peineta\/\">Flamenco-Peineta<\/a><\/strong>, die dem Hochsteckhaar H\u00f6he gibt.<\/li>\n<li><strong>Das Mantoncillo<\/strong>, \u00fcber den Schultern gekreuzt und vor der Brust geknotet.<\/li>\n<li><strong>Die Zarcillos<\/strong>, jene gro\u00dfen Ohrringe, die beim Gehen schwingen.<\/li>\n<li><strong>Der bestickte Mant\u00f3n de Manila<\/strong>, f\u00fcr k\u00fchle N\u00e4chte und f\u00fcr die vornehmsten Auftritte.<\/li>\n<\/ul>\n<p>Die Regel ist dieselbe wie bei allem Flamenco: <strong>Gleichgewicht vor Menge<\/strong>. Ein gut getragenes Kleid mit zwei passenden Accessoires gewinnt immer gegen ein \u00fcberladenes.<\/p>\n<h2>Wann man es wirklich tr\u00e4gt (und wie man ohne es zur Feria geht)<\/h2>\n<p>Sagen wir es klar. Das Flamenco-Kleid tr\u00e4gt man auf der <strong>Feria de Abril, auf den Dorffesten und auf Wallfahrten<\/strong> wie der von El Roc\u00edo. Dort hat es Sinn, und dort sieht man es zu Tausenden.<\/p>\n<p>Und eine ehrliche Antwort auf eine sehr h\u00e4ufige Frage: <strong>man braucht kein Flamenco-Kleid, um zur Feria zu gehen.<\/strong> Sehr viele Leute gehen ohne, und es passiert nichts. Ein Volantrock, ein einfaches Kleid mit einer Blume im Haar oder ein Mantoncillo \u00fcber etwas Neutralem funktionieren genauso gut. Was man nicht macht, ist sich zu verkleiden: besser bequem und mit einem Augenzwinkern als ein geliehenes Kleid zu erzwingen, das nicht sitzt.<\/p>\n<p>Und in einem Tablao, was tr\u00e4gt man da? Auch hier eine Klarstellung: <strong>die Bailaora tanzt nicht im Festkleid<\/strong>. Auf der B\u00fchne wird Tanzkost\u00fcm verwendet \u2014weite R\u00f6cke, Bata de Cola\u2014, gedacht f\u00fcr die Bewegung, und das Publikum kommt, wie es will, ohne Kleiderordnung. Wie bei der Peineta oder dem C\u00f3rdoba-Hut hat alles seinen Moment.<\/p>\n<p><img loading=\"lazy\" decoding=\"async\" width=\"820\" height=\"1024\" class=\"aligncenter size-large wp-image-55575\" src=\"https:\/\/tablaoflamenco1911.com\/wp-content\/uploads\/2026\/08\/traje-flamenca-paula-820x1024.webp\" alt=\"\" \/><\/p>\n<p>Trotzdem ist das Bild des Flamenco-Kleids untrennbar mit dem Bild des Flamenco in der Welt verbunden, und es in seinem Element zu sehen ist unbezahlbar. Wenn du die Kunst hinter all dem erleben willst, komm in unser <a href=\"https:\/\/tablaoflamenco1911.com\/de\/\">Flamenco-Tablao in Madrid<\/a> und sp\u00fcre sie aus zwei Metern Entfernung.<\/p>","protected":false},"excerpt":{"rendered":"Es ist wohl das wiedererkennbarste spanische Kleidungsst\u00fcck der Welt. Tupfen, Volants, betonte Taille und ein Schwung, der die ganze Stra\u00dfe einnimmt. Das Flamenco-Kleid wurde nicht f\u00fcr die B\u00fchne geboren, sondern f\u00fcr die Arbeit. Schauen wir uns an, was es genau ist, woher es kommt, welche Typen es gibt, wie man es vervollst\u00e4ndigt und wann man&#8230;","protected":false},"author":8,"featured_media":55599,"comment_status":"closed","ping_status":"closed","sticky":false,"template":"","format":"standard","meta":{"_acf_changed":false,"inline_featured_image":false,"footnotes":""},"categories":[19],"tags":[],"class_list":["post-55613","post","type-post","status-publish","format-standard","has-post-thumbnail","hentry","category-cultura-flamenca"],"acf":[],"yoast_head":"<!-- This site is optimized with the Yoast SEO plugin v28.4 - https:\/\/yoast.com\/product\/yoast-seo-wordpress\/ -->\n<title>Flamenco-Kleid: Geschichte, Typen und Anl\u00e4sse<\/title>\n<meta name=\"description\" content=\"Entdecke den Ursprung des Flamenco-Kleids, welche Typen es gibt, sein Zubeh\u00f6r und wann man es wirklich tr\u00e4gt. Ein Leitfaden aus einem \u00fcber hundertj\u00e4hrigen Tablao.\" \/>\n<meta name=\"robots\" content=\"index, follow, max-snippet:-1, max-image-preview:large, max-video-preview:-1\" \/>\n<link rel=\"canonical\" href=\"\/\" \/>\n<meta property=\"og:locale\" content=\"de_DE\" \/>\n<meta property=\"og:type\" content=\"article\" \/>\n<meta property=\"og:title\" content=\"Flamenco-Kleid: Geschichte, Typen und Anl\u00e4sse\" \/>\n<meta property=\"og:description\" content=\"Entdecke den Ursprung des Flamenco-Kleids, welche Typen es gibt, sein Zubeh\u00f6r und wann man es wirklich tr\u00e4gt. Ein Leitfaden aus einem \u00fcber hundertj\u00e4hrigen Tablao.\" \/>\n<meta property=\"og:url\" content=\"https:\/\/tablaoflamenco1911.com\/de\/el-traje-de-flamenca\/\" \/>\n<meta property=\"og:site_name\" content=\"Tablao Flamenco 1911\" \/>\n<meta property=\"article:published_time\" content=\"2026-08-31T08:39:57+00:00\" \/>\n<meta property=\"og:image\" content=\"https:\/\/tablaoflamenco1911.com\/wp-content\/uploads\/2026\/08\/photo-2026-08-27-12-15-52.jpg\" \/>\n\t<meta property=\"og:image:width\" content=\"1280\" \/>\n\t<meta property=\"og:image:height\" content=\"853\" \/>\n\t<meta property=\"og:image:type\" content=\"image\/jpeg\" \/>\n<meta name=\"author\" content=\"Miguel Blanco\" \/>\n<meta name=\"twitter:card\" content=\"summary_large_image\" \/>\n<meta name=\"twitter:label1\" content=\"Verfasst von\" \/>\n\t<meta name=\"twitter:data1\" content=\"Miguel Blanco\" \/>\n\t<meta name=\"twitter:label2\" content=\"Gesch\u00e4tzte Lesezeit\" \/>\n\t<meta name=\"twitter:data2\" content=\"4\u00a0Minuten\" \/>\n<script type=\"application\/ld+json\" class=\"yoast-schema-graph\">{\"@context\":\"https:\\\/\\\/schema.org\",\"@graph\":[{\"@type\":\"Article\",\"@id\":\"https:\\\/\\\/tablaoflamenco1911.com\\\/es\\\/el-traje-de-flamenca\\\/#article\",\"isPartOf\":{\"@id\":\"https:\\\/\\\/tablaoflamenco1911.com\\\/es\\\/el-traje-de-flamenca\\\/\"},\"author\":{\"name\":\"Miguel Blanco\",\"@id\":\"https:\\\/\\\/tablaoflamenco1911.com\\\/es\\\/#\\\/schema\\\/person\\\/5c9c054f5ed0de8157b146ce7171d5e7\"},\"headline\":\"Das Flamenco-Kleid: Geschichte, Typen und wann man es tr\u00e4gt\",\"datePublished\":\"2026-08-31T08:39:57+00:00\",\"mainEntityOfPage\":{\"@id\":\"https:\\\/\\\/tablaoflamenco1911.com\\\/es\\\/el-traje-de-flamenca\\\/\"},\"wordCount\":9232,\"image\":{\"@id\":\"https:\\\/\\\/tablaoflamenco1911.com\\\/es\\\/el-traje-de-flamenca\\\/#primaryimage\"},\"thumbnailUrl\":\"https:\\\/\\\/tablaoflamenco1911.com\\\/wp-content\\\/uploads\\\/2026\\\/08\\\/photo-2026-08-27-12-15-52.jpg\",\"articleSection\":[\"Cultura Flamenca\"],\"inLanguage\":\"de\"},{\"@type\":\"WebPage\",\"@id\":\"https:\\\/\\\/tablaoflamenco1911.com\\\/de\\\/el-traje-de-flamenca\\\/\",\"url\":\"https:\\\/\\\/tablaoflamenco1911.com\\\/de\\\/el-traje-de-flamenca\\\/\",\"name\":\"Flamenco-Kleid: Geschichte, Typen und Anl\u00e4sse\",\"isPartOf\":{\"@id\":\"https:\\\/\\\/tablaoflamenco1911.com\\\/de\\\/#website\"},\"primaryImageOfPage\":{\"@id\":\"https:\\\/\\\/tablaoflamenco1911.com\\\/de\\\/el-traje-de-flamenca\\\/#primaryimage\"},\"image\":{\"@id\":\"https:\\\/\\\/tablaoflamenco1911.com\\\/es\\\/el-traje-de-flamenca\\\/#primaryimage\"},\"thumbnailUrl\":\"https:\\\/\\\/tablaoflamenco1911.com\\\/wp-content\\\/uploads\\\/2026\\\/08\\\/photo-2026-08-27-12-15-52.jpg\",\"datePublished\":\"2026-08-31T08:39:57+00:00\",\"author\":{\"@id\":\"https:\\\/\\\/tablaoflamenco1911.com\\\/es\\\/#\\\/schema\\\/person\\\/5c9c054f5ed0de8157b146ce7171d5e7\"},\"description\":\"Entdecke den Ursprung des Flamenco-Kleids, welche Typen es gibt, sein Zubeh\u00f6r und wann man es wirklich tr\u00e4gt. Ein Leitfaden aus einem \u00fcber hundertj\u00e4hrigen Tablao.\",\"breadcrumb\":{\"@id\":\"https:\\\/\\\/tablaoflamenco1911.com\\\/de\\\/el-traje-de-flamenca\\\/#breadcrumb\"},\"inLanguage\":\"de\",\"potentialAction\":[{\"@type\":\"ReadAction\",\"target\":[[\"https:\\\/\\\/tablaoflamenco1911.com\\\/de\\\/el-traje-de-flamenca\\\/\"]]}]},{\"@type\":\"ImageObject\",\"inLanguage\":\"de\",\"@id\":\"https:\\\/\\\/tablaoflamenco1911.com\\\/de\\\/el-traje-de-flamenca\\\/#primaryimage\",\"url\":\"https:\\\/\\\/tablaoflamenco1911.com\\\/wp-content\\\/uploads\\\/2026\\\/08\\\/photo-2026-08-27-12-15-52.jpg\",\"contentUrl\":\"https:\\\/\\\/tablaoflamenco1911.com\\\/wp-content\\\/uploads\\\/2026\\\/08\\\/photo-2026-08-27-12-15-52.jpg\",\"width\":1280,\"height\":853,\"caption\":\"Fotograf\u00eda de flamenco moda, 5 mujeres posando con Trajes de Flamenca o Trajes de feria\"},{\"@type\":\"BreadcrumbList\",\"@id\":\"https:\\\/\\\/tablaoflamenco1911.com\\\/de\\\/el-traje-de-flamenca\\\/#breadcrumb\",\"itemListElement\":[{\"@type\":\"ListItem\",\"position\":1,\"name\":\"Portada\",\"item\":\"https:\\\/\\\/tablaoflamenco1911.com\\\/de\\\/\"},{\"@type\":\"ListItem\",\"position\":2,\"name\":\"Flamenco-Kleid\"}]},{\"@type\":\"WebSite\",\"@id\":\"https:\\\/\\\/tablaoflamenco1911.com\\\/de\\\/#website\",\"url\":\"https:\\\/\\\/tablaoflamenco1911.com\\\/de\\\/\",\"name\":\"Tablao Flamenco 1911\",\"description\":\"La Catedral del Flamenco en Madrid\",\"potentialAction\":[{\"@type\":\"SearchAction\",\"target\":{\"@type\":\"EntryPoint\",\"urlTemplate\":\"https:\\\/\\\/tablaoflamenco1911.com\\\/de\\\/?s={search_term_string}\"},\"query-input\":{\"@type\":\"PropertyValueSpecification\",\"valueRequired\":true,\"valueName\":\"search_term_string\"}}],\"inLanguage\":\"de\"},{\"@type\":\"Person\",\"@id\":\"https:\\\/\\\/tablaoflamenco1911.com\\\/es\\\/#\\\/schema\\\/person\\\/5c9c054f5ed0de8157b146ce7171d5e7\",\"name\":\"Miguel Blanco\",\"image\":{\"@type\":\"ImageObject\",\"inLanguage\":\"de\",\"@id\":\"https:\\\/\\\/secure.gravatar.com\\\/avatar\\\/359874fd676a9bfbf3a5d62f8bb888a22a657034662dd62c3669b5e7274a1365?s=96&d=mm&r=g\",\"url\":\"https:\\\/\\\/secure.gravatar.com\\\/avatar\\\/359874fd676a9bfbf3a5d62f8bb888a22a657034662dd62c3669b5e7274a1365?s=96&d=mm&r=g\",\"contentUrl\":\"https:\\\/\\\/secure.gravatar.com\\\/avatar\\\/359874fd676a9bfbf3a5d62f8bb888a22a657034662dd62c3669b5e7274a1365?s=96&d=mm&r=g\",\"caption\":\"Miguel Blanco\"}}]}<\/script>\n<!-- \/ Yoast SEO plugin. -->","yoast_head_json":{"title":"Flamenco-Kleid: Geschichte, Typen und Anl\u00e4sse","description":"Entdecke den Ursprung des Flamenco-Kleids, welche Typen es gibt, sein Zubeh\u00f6r und wann man es wirklich tr\u00e4gt. Ein Leitfaden aus einem \u00fcber hundertj\u00e4hrigen Tablao.","robots":{"index":"index","follow":"follow","max-snippet":"max-snippet:-1","max-image-preview":"max-image-preview:large","max-video-preview":"max-video-preview:-1"},"canonical":"\/","og_locale":"de_DE","og_type":"article","og_title":"Flamenco-Kleid: Geschichte, Typen und Anl\u00e4sse","og_description":"Entdecke den Ursprung des Flamenco-Kleids, welche Typen es gibt, sein Zubeh\u00f6r und wann man es wirklich tr\u00e4gt. Ein Leitfaden aus einem \u00fcber hundertj\u00e4hrigen Tablao.","og_url":"https:\/\/tablaoflamenco1911.com\/de\/el-traje-de-flamenca\/","og_site_name":"Tablao Flamenco 1911","article_published_time":"2026-08-31T08:39:57+00:00","og_image":[{"width":1280,"height":853,"url":"https:\/\/tablaoflamenco1911.com\/wp-content\/uploads\/2026\/08\/photo-2026-08-27-12-15-52.jpg","type":"image\/jpeg"}],"author":"Miguel Blanco","twitter_card":"summary_large_image","twitter_misc":{"Verfasst von":"Miguel Blanco","Gesch\u00e4tzte Lesezeit":"4\u00a0Minuten"},"schema":{"@context":"https:\/\/schema.org","@graph":[{"@type":"Article","@id":"https:\/\/tablaoflamenco1911.com\/es\/el-traje-de-flamenca\/#article","isPartOf":{"@id":"https:\/\/tablaoflamenco1911.com\/es\/el-traje-de-flamenca\/"},"author":{"name":"Miguel Blanco","@id":"https:\/\/tablaoflamenco1911.com\/es\/#\/schema\/person\/5c9c054f5ed0de8157b146ce7171d5e7"},"headline":"Das Flamenco-Kleid: Geschichte, Typen und wann man es tr\u00e4gt","datePublished":"2026-08-31T08:39:57+00:00","mainEntityOfPage":{"@id":"https:\/\/tablaoflamenco1911.com\/es\/el-traje-de-flamenca\/"},"wordCount":9232,"image":{"@id":"https:\/\/tablaoflamenco1911.com\/es\/el-traje-de-flamenca\/#primaryimage"},"thumbnailUrl":"https:\/\/tablaoflamenco1911.com\/wp-content\/uploads\/2026\/08\/photo-2026-08-27-12-15-52.jpg","articleSection":["Cultura Flamenca"],"inLanguage":"de"},{"@type":"WebPage","@id":"https:\/\/tablaoflamenco1911.com\/de\/el-traje-de-flamenca\/","url":"https:\/\/tablaoflamenco1911.com\/de\/el-traje-de-flamenca\/","name":"Flamenco-Kleid: Geschichte, Typen und Anl\u00e4sse","isPartOf":{"@id":"https:\/\/tablaoflamenco1911.com\/de\/#website"},"primaryImageOfPage":{"@id":"https:\/\/tablaoflamenco1911.com\/de\/el-traje-de-flamenca\/#primaryimage"},"image":{"@id":"https:\/\/tablaoflamenco1911.com\/es\/el-traje-de-flamenca\/#primaryimage"},"thumbnailUrl":"https:\/\/tablaoflamenco1911.com\/wp-content\/uploads\/2026\/08\/photo-2026-08-27-12-15-52.jpg","datePublished":"2026-08-31T08:39:57+00:00","author":{"@id":"https:\/\/tablaoflamenco1911.com\/es\/#\/schema\/person\/5c9c054f5ed0de8157b146ce7171d5e7"},"description":"Entdecke den Ursprung des Flamenco-Kleids, welche Typen es gibt, sein Zubeh\u00f6r und wann man es wirklich tr\u00e4gt. Ein Leitfaden aus einem \u00fcber hundertj\u00e4hrigen Tablao.","breadcrumb":{"@id":"https:\/\/tablaoflamenco1911.com\/de\/el-traje-de-flamenca\/#breadcrumb"},"inLanguage":"de","potentialAction":[{"@type":"ReadAction","target":[["https:\/\/tablaoflamenco1911.com\/de\/el-traje-de-flamenca\/"]]}]},{"@type":"ImageObject","inLanguage":"de","@id":"https:\/\/tablaoflamenco1911.com\/de\/el-traje-de-flamenca\/#primaryimage","url":"https:\/\/tablaoflamenco1911.com\/wp-content\/uploads\/2026\/08\/photo-2026-08-27-12-15-52.jpg","contentUrl":"https:\/\/tablaoflamenco1911.com\/wp-content\/uploads\/2026\/08\/photo-2026-08-27-12-15-52.jpg","width":1280,"height":853,"caption":"Fotograf\u00eda de flamenco moda, 5 mujeres posando con Trajes de Flamenca o Trajes de feria"},{"@type":"BreadcrumbList","@id":"https:\/\/tablaoflamenco1911.com\/de\/el-traje-de-flamenca\/#breadcrumb","itemListElement":[{"@type":"ListItem","position":1,"name":"Portada","item":"https:\/\/tablaoflamenco1911.com\/de\/"},{"@type":"ListItem","position":2,"name":"Flamenco-Kleid"}]},{"@type":"WebSite","@id":"https:\/\/tablaoflamenco1911.com\/de\/#website","url":"https:\/\/tablaoflamenco1911.com\/de\/","name":"Tablao Flamenco 1911","description":"La Catedral del Flamenco en Madrid","potentialAction":[{"@type":"SearchAction","target":{"@type":"EntryPoint","urlTemplate":"https:\/\/tablaoflamenco1911.com\/de\/?s={search_term_string}"},"query-input":{"@type":"PropertyValueSpecification","valueRequired":true,"valueName":"search_term_string"}}],"inLanguage":"de"},{"@type":"Person","@id":"https:\/\/tablaoflamenco1911.com\/es\/#\/schema\/person\/5c9c054f5ed0de8157b146ce7171d5e7","name":"Miguel Blanco","image":{"@type":"ImageObject","inLanguage":"de","@id":"https:\/\/secure.gravatar.com\/avatar\/359874fd676a9bfbf3a5d62f8bb888a22a657034662dd62c3669b5e7274a1365?s=96&d=mm&r=g","url":"https:\/\/secure.gravatar.com\/avatar\/359874fd676a9bfbf3a5d62f8bb888a22a657034662dd62c3669b5e7274a1365?s=96&d=mm&r=g","contentUrl":"https:\/\/secure.gravatar.com\/avatar\/359874fd676a9bfbf3a5d62f8bb888a22a657034662dd62c3669b5e7274a1365?s=96&d=mm&r=g","caption":"Miguel Blanco"}}]}},"_links":{"self":[{"href":"https:\/\/tablaoflamenco1911.com\/de\/wp-json\/wp\/v2\/posts\/55613","targetHints":{"allow":["GET"]}}],"collection":[{"href":"https:\/\/tablaoflamenco1911.com\/de\/wp-json\/wp\/v2\/posts"}],"about":[{"href":"https:\/\/tablaoflamenco1911.com\/de\/wp-json\/wp\/v2\/types\/post"}],"author":[{"embeddable":true,"href":"https:\/\/tablaoflamenco1911.com\/de\/wp-json\/wp\/v2\/users\/8"}],"replies":[{"embeddable":true,"href":"https:\/\/tablaoflamenco1911.com\/de\/wp-json\/wp\/v2\/comments?post=55613"}],"version-history":[{"count":5,"href":"https:\/\/tablaoflamenco1911.com\/de\/wp-json\/wp\/v2\/posts\/55613\/revisions"}],"predecessor-version":[{"id":55616,"href":"https:\/\/tablaoflamenco1911.com\/de\/wp-json\/wp\/v2\/posts\/55613\/revisions\/55616"}],"wp:featuredmedia":[{"embeddable":true,"href":"https:\/\/tablaoflamenco1911.com\/de\/wp-json\/wp\/v2\/media\/55599"}],"wp:attachment":[{"href":"https:\/\/tablaoflamenco1911.com\/de\/wp-json\/wp\/v2\/media?parent=55613"}],"wp:term":[{"taxonomy":"category","embeddable":true,"href":"https:\/\/tablaoflamenco1911.com\/de\/wp-json\/wp\/v2\/categories?post=55613"},{"taxonomy":"post_tag","embeddable":true,"href":"https:\/\/tablaoflamenco1911.com\/de\/wp-json\/wp\/v2\/tags?post=55613"}],"curies":[{"name":"wp","href":"https:\/\/api.w.org\/{rel}","templated":true}]}}