{"id":21225,"date":"2023-07-24T18:07:44","date_gmt":"2023-07-24T16:07:44","guid":{"rendered":"https:\/\/tablaoflamenco1911.com\/es\/?p=21225"},"modified":"2026-03-02T17:17:54","modified_gmt":"2026-03-02T16:17:54","slug":"estrella-morente-y-un-momento-especial","status":"publish","type":"post","link":"https:\/\/tablaoflamenco1911.com\/de\/estrella-morente-und-ein-besonderer-moment\/","title":{"rendered":"Estrella Morente und ein besonderer Moment"},"content":{"rendered":"<p><\/p>\n<p class=\"\" data-start=\"1342\" data-end=\"1488\">Am vergangenen Sonntag hatten wir die Ehre, dass <strong data-start=\"1391\" data-end=\"1411\">Estrella Morente<\/strong> nicht nur das Publikum verzauberte, sondern auch selbst Teil der Show wurde.<\/p>\n<p class=\"\" data-start=\"1490\" data-end=\"1677\">Die ber\u00fchmte Flamenco-K\u00fcnstlerin, die derzeit mit ihrem neuen Album <em data-start=\"1558\" data-end=\"1565\">\u201eLEO\u201c<\/em> auf Tour ist, schenkte uns im gro\u00dfen Finale des <strong data-start=\"1614\" data-end=\"1638\">Tablao Flamenco 1911<\/strong> einen besonderen Moment ihres K\u00f6nnens.<\/p>\n<p class=\"\" data-start=\"1679\" data-end=\"1937\">An ihrer Seite standen gro\u00dfartige K\u00fcnstler: <strong data-start=\"1723\" data-end=\"1738\">Sa\u00fal Quir\u00f3s<\/strong> und <strong data-start=\"1743\" data-end=\"1753\">Elohim<\/strong> im Gesang, <strong data-start=\"1765\" data-end=\"1780\">Iv\u00e1n Losada<\/strong> an der Percussion, <strong data-start=\"1800\" data-end=\"1820\">Jes\u00fas de Rosario<\/strong> und <strong data-start=\"1825\" data-end=\"1842\">Mario Montoya<\/strong> an der Gitarre sowie die T\u00e4nzer <strong data-start=\"1875\" data-end=\"1893\">Mariano Lozano<\/strong>, <strong data-start=\"1895\" data-end=\"1912\">Illeana G\u00f3mez<\/strong> und <strong data-start=\"1917\" data-end=\"1936\">Nerea Fern\u00e1ndez<\/strong>.<\/p>\n<h2 data-start=\"331\" data-end=\"388\"><strong data-start=\"331\" data-end=\"388\">Estrella Morente im \u00e4ltesten Flamenco-Tablao der Welt<\/strong><\/h2>\n<p class=\"\" data-start=\"362\" data-end=\"439\">Das vollst\u00e4ndige Video findest du hier: <a href=\"https:\/\/www.facebook.com\/tablaoflamenco1911\/videos\/968719787693238\">Tablao Flamenco 1911 auf Facebook<\/a><\/p>\n<p><img loading=\"lazy\" decoding=\"async\" class=\"alignnone wp-image-21228 size-full\" src=\"https:\/\/tablaoflamenco1911.com\/wp-content\/uploads\/2023\/07\/806b568f-86d6-4534-bdb1-5217260986b4-copia-e1690214279995.jpg\" alt=\"\" width=\"1152\" height=\"1546\" \/><\/p>\n<p><strong>Video des Auftritts ansehen<\/strong><br \/>\nSie k\u00f6nnen das vollst\u00e4ndige Video des Auftritts von Estrella Morente auf unserer Facebook-Seite sehen:<\/p>\n<p><a href=\"https:\/\/www.facebook.com\/tablaoflamenco1911\/videos\/968719787693238\">Tablao Flamenco 1911 auf Facebook<\/a><\/p>","protected":false},"excerpt":{"rendered":"Am vergangenen Sonntag hatten wir die Ehre, dass Estrella Morente nicht nur das Publikum verzauberte, sondern auch selbst Teil der Show wurde. Die ber\u00fchmte Flamenco-K\u00fcnstlerin, die derzeit mit ihrem neuen Album \u201eLEO\u201c auf Tour ist, schenkte uns im gro\u00dfen Finale des Tablao Flamenco 1911 einen besonderen Moment ihres K\u00f6nnens. An ihrer Seite standen gro\u00dfartige K\u00fcnstler:&#8230;","protected":false},"author":7,"featured_media":21227,"comment_status":"closed","ping_status":"closed","sticky":false,"template":"","format":"standard","meta":{"_acf_changed":false,"inline_featured_image":false,"footnotes":""},"categories":[7],"tags":[],"class_list":["post-21225","post","type-post","status-publish","format-standard","has-post-thumbnail","hentry","category-tablao-flamenco-1911"],"acf":[],"yoast_head":"<!-- This site is optimized with the Yoast SEO plugin v27.4 - https:\/\/yoast.com\/product\/yoast-seo-wordpress\/ -->\n<title>Estrella Morente und ein besonderer Moment - Tablao Flamenco 1911<\/title>\n<meta name=\"description\" content=\"Estrella Morente sorprende en el tablao flamenco m\u00e1s antiguo del mundo. Revive este momento \u00fanico y emocionante en Tablao Flamenco 1911.\" \/>\n<meta name=\"robots\" content=\"index, follow, max-snippet:-1, max-image-preview:large, max-video-preview:-1\" \/>\n<link rel=\"canonical\" href=\"\/\" \/>\n<meta property=\"og:locale\" content=\"de_DE\" \/>\n<meta property=\"og:type\" content=\"article\" \/>\n<meta property=\"og:title\" content=\"Estrella Morente und ein besonderer Moment - Tablao Flamenco 1911\" \/>\n<meta property=\"og:description\" content=\"Estrella Morente sorprende en el tablao flamenco m\u00e1s antiguo del mundo. Revive este momento \u00fanico y emocionante en Tablao Flamenco 1911.\" \/>\n<meta property=\"og:url\" content=\"https:\/\/tablaoflamenco1911.com\/de\/estrella-morente-y-un-momento-especial\/\" \/>\n<meta property=\"og:site_name\" content=\"Tablao Flamenco 1911\" \/>\n<meta property=\"article:published_time\" content=\"2023-07-24T16:07:44+00:00\" \/>\n<meta property=\"article:modified_time\" content=\"2026-03-02T16:17:54+00:00\" \/>\n<meta property=\"og:image\" content=\"https:\/\/tablaoflamenco1911.com\/wp-content\/uploads\/2023\/07\/e8332cf4-8b72-4d9b-9afe-574020b0e600-copia-e1690214154858.jpg\" \/>\n\t<meta property=\"og:image:width\" content=\"1786\" \/>\n\t<meta property=\"og:image:height\" content=\"1084\" \/>\n\t<meta property=\"og:image:type\" content=\"image\/jpeg\" \/>\n<meta name=\"author\" content=\"social\" \/>\n<meta name=\"twitter:card\" content=\"summary_large_image\" \/>\n<meta name=\"twitter:label1\" content=\"Verfasst von\" \/>\n\t<meta name=\"twitter:data1\" content=\"social\" \/>\n\t<meta name=\"twitter:label2\" content=\"Gesch\u00e4tzte Lesezeit\" \/>\n\t<meta name=\"twitter:data2\" content=\"1\u00a0Minute\" \/>\n<script type=\"application\/ld+json\" class=\"yoast-schema-graph\">{\"@context\":\"https:\\\/\\\/schema.org\",\"@graph\":[{\"@type\":\"Article\",\"@id\":\"https:\\\/\\\/tablaoflamenco1911.com\\\/es\\\/estrella-morente-y-un-momento-especial\\\/#article\",\"isPartOf\":{\"@id\":\"https:\\\/\\\/tablaoflamenco1911.com\\\/es\\\/estrella-morente-y-un-momento-especial\\\/\"},\"author\":{\"name\":\"social\",\"@id\":\"https:\\\/\\\/tablaoflamenco1911.com\\\/es\\\/#\\\/schema\\\/person\\\/69e9b4e39a0f10f7e7c80b5876eed299\"},\"headline\":\"Estrella Morente und ein besonderer Moment\",\"datePublished\":\"2023-07-24T16:07:44+00:00\",\"dateModified\":\"2026-03-02T16:17:54+00:00\",\"mainEntityOfPage\":{\"@id\":\"https:\\\/\\\/tablaoflamenco1911.com\\\/es\\\/estrella-morente-y-un-momento-especial\\\/\"},\"wordCount\":1386,\"image\":{\"@id\":\"https:\\\/\\\/tablaoflamenco1911.com\\\/es\\\/estrella-morente-y-un-momento-especial\\\/#primaryimage\"},\"thumbnailUrl\":\"https:\\\/\\\/tablaoflamenco1911.com\\\/wp-content\\\/uploads\\\/2023\\\/07\\\/e8332cf4-8b72-4d9b-9afe-574020b0e600-copia-e1690214154858.jpg\",\"articleSection\":[\"Tablao Flamenco 1911\"],\"inLanguage\":\"de\"},{\"@type\":\"WebPage\",\"@id\":\"https:\\\/\\\/tablaoflamenco1911.com\\\/de\\\/estrella-morente-y-un-momento-especial\\\/\",\"url\":\"https:\\\/\\\/tablaoflamenco1911.com\\\/de\\\/estrella-morente-y-un-momento-especial\\\/\",\"name\":\"Estrella Morente und ein besonderer Moment - Tablao Flamenco 1911\",\"isPartOf\":{\"@id\":\"https:\\\/\\\/tablaoflamenco1911.com\\\/de\\\/#website\"},\"primaryImageOfPage\":{\"@id\":\"https:\\\/\\\/tablaoflamenco1911.com\\\/de\\\/estrella-morente-y-un-momento-especial\\\/#primaryimage\"},\"image\":{\"@id\":\"https:\\\/\\\/tablaoflamenco1911.com\\\/es\\\/estrella-morente-y-un-momento-especial\\\/#primaryimage\"},\"thumbnailUrl\":\"https:\\\/\\\/tablaoflamenco1911.com\\\/wp-content\\\/uploads\\\/2023\\\/07\\\/e8332cf4-8b72-4d9b-9afe-574020b0e600-copia-e1690214154858.jpg\",\"datePublished\":\"2023-07-24T16:07:44+00:00\",\"dateModified\":\"2026-03-02T16:17:54+00:00\",\"author\":{\"@id\":\"https:\\\/\\\/tablaoflamenco1911.com\\\/es\\\/#\\\/schema\\\/person\\\/69e9b4e39a0f10f7e7c80b5876eed299\"},\"description\":\"Estrella Morente sorprende en el tablao flamenco m\u00e1s antiguo del mundo. Revive este momento \u00fanico y emocionante en Tablao Flamenco 1911.\",\"breadcrumb\":{\"@id\":\"https:\\\/\\\/tablaoflamenco1911.com\\\/de\\\/estrella-morente-y-un-momento-especial\\\/#breadcrumb\"},\"inLanguage\":\"de\",\"potentialAction\":[{\"@type\":\"ReadAction\",\"target\":[[\"https:\\\/\\\/tablaoflamenco1911.com\\\/de\\\/estrella-morente-y-un-momento-especial\\\/\"]]}]},{\"@type\":\"ImageObject\",\"inLanguage\":\"de\",\"@id\":\"https:\\\/\\\/tablaoflamenco1911.com\\\/de\\\/estrella-morente-y-un-momento-especial\\\/#primaryimage\",\"url\":\"https:\\\/\\\/tablaoflamenco1911.com\\\/wp-content\\\/uploads\\\/2023\\\/07\\\/e8332cf4-8b72-4d9b-9afe-574020b0e600-copia-e1690214154858.jpg\",\"contentUrl\":\"https:\\\/\\\/tablaoflamenco1911.com\\\/wp-content\\\/uploads\\\/2023\\\/07\\\/e8332cf4-8b72-4d9b-9afe-574020b0e600-copia-e1690214154858.jpg\",\"width\":1786,\"height\":1084,\"caption\":\"Estrella Morente\"},{\"@type\":\"BreadcrumbList\",\"@id\":\"https:\\\/\\\/tablaoflamenco1911.com\\\/de\\\/estrella-morente-y-un-momento-especial\\\/#breadcrumb\",\"itemListElement\":[{\"@type\":\"ListItem\",\"position\":1,\"name\":\"Portada\",\"item\":\"https:\\\/\\\/tablaoflamenco1911.com\\\/de\\\/\"},{\"@type\":\"ListItem\",\"position\":2,\"name\":\"Estrella Morente y un momento especial\"}]},{\"@type\":\"WebSite\",\"@id\":\"https:\\\/\\\/tablaoflamenco1911.com\\\/de\\\/#website\",\"url\":\"https:\\\/\\\/tablaoflamenco1911.com\\\/de\\\/\",\"name\":\"Tablao Flamenco 1911\",\"description\":\"La Catedral del Flamenco en Madrid\",\"potentialAction\":[{\"@type\":\"SearchAction\",\"target\":{\"@type\":\"EntryPoint\",\"urlTemplate\":\"https:\\\/\\\/tablaoflamenco1911.com\\\/de\\\/?s={search_term_string}\"},\"query-input\":{\"@type\":\"PropertyValueSpecification\",\"valueRequired\":true,\"valueName\":\"search_term_string\"}}],\"inLanguage\":\"de\"},{\"@type\":\"Person\",\"@id\":\"https:\\\/\\\/tablaoflamenco1911.com\\\/es\\\/#\\\/schema\\\/person\\\/69e9b4e39a0f10f7e7c80b5876eed299\",\"name\":\"social\",\"image\":{\"@type\":\"ImageObject\",\"inLanguage\":\"de\",\"@id\":\"https:\\\/\\\/secure.gravatar.com\\\/avatar\\\/03e9de3ecfee324d80d68d010093be908281455ba0a2c9e8e0b216a0b6f33cc5?s=96&d=mm&r=g\",\"url\":\"https:\\\/\\\/secure.gravatar.com\\\/avatar\\\/03e9de3ecfee324d80d68d010093be908281455ba0a2c9e8e0b216a0b6f33cc5?s=96&d=mm&r=g\",\"contentUrl\":\"https:\\\/\\\/secure.gravatar.com\\\/avatar\\\/03e9de3ecfee324d80d68d010093be908281455ba0a2c9e8e0b216a0b6f33cc5?s=96&d=mm&r=g\",\"caption\":\"social\"}}]}<\/script>\n<!-- \/ Yoast SEO plugin. -->","yoast_head_json":{"title":"Estrella Morente und ein besonderer Moment - Tablao Flamenco 1911","description":"Estrella Morente sorprende en el tablao flamenco m\u00e1s antiguo del mundo. Revive este momento \u00fanico y emocionante en Tablao Flamenco 1911.","robots":{"index":"index","follow":"follow","max-snippet":"max-snippet:-1","max-image-preview":"max-image-preview:large","max-video-preview":"max-video-preview:-1"},"canonical":"\/","og_locale":"de_DE","og_type":"article","og_title":"Estrella Morente und ein besonderer Moment - Tablao Flamenco 1911","og_description":"Estrella Morente sorprende en el tablao flamenco m\u00e1s antiguo del mundo. Revive este momento \u00fanico y emocionante en Tablao Flamenco 1911.","og_url":"https:\/\/tablaoflamenco1911.com\/de\/estrella-morente-y-un-momento-especial\/","og_site_name":"Tablao Flamenco 1911","article_published_time":"2023-07-24T16:07:44+00:00","article_modified_time":"2026-03-02T16:17:54+00:00","og_image":[{"width":1786,"height":1084,"url":"https:\/\/tablaoflamenco1911.com\/wp-content\/uploads\/2023\/07\/e8332cf4-8b72-4d9b-9afe-574020b0e600-copia-e1690214154858.jpg","type":"image\/jpeg"}],"author":"social","twitter_card":"summary_large_image","twitter_misc":{"Verfasst von":"social","Gesch\u00e4tzte Lesezeit":"1\u00a0Minute"},"schema":{"@context":"https:\/\/schema.org","@graph":[{"@type":"Article","@id":"https:\/\/tablaoflamenco1911.com\/es\/estrella-morente-y-un-momento-especial\/#article","isPartOf":{"@id":"https:\/\/tablaoflamenco1911.com\/es\/estrella-morente-y-un-momento-especial\/"},"author":{"name":"social","@id":"https:\/\/tablaoflamenco1911.com\/es\/#\/schema\/person\/69e9b4e39a0f10f7e7c80b5876eed299"},"headline":"Estrella Morente und ein besonderer Moment","datePublished":"2023-07-24T16:07:44+00:00","dateModified":"2026-03-02T16:17:54+00:00","mainEntityOfPage":{"@id":"https:\/\/tablaoflamenco1911.com\/es\/estrella-morente-y-un-momento-especial\/"},"wordCount":1386,"image":{"@id":"https:\/\/tablaoflamenco1911.com\/es\/estrella-morente-y-un-momento-especial\/#primaryimage"},"thumbnailUrl":"https:\/\/tablaoflamenco1911.com\/wp-content\/uploads\/2023\/07\/e8332cf4-8b72-4d9b-9afe-574020b0e600-copia-e1690214154858.jpg","articleSection":["Tablao Flamenco 1911"],"inLanguage":"de"},{"@type":"WebPage","@id":"https:\/\/tablaoflamenco1911.com\/de\/estrella-morente-y-un-momento-especial\/","url":"https:\/\/tablaoflamenco1911.com\/de\/estrella-morente-y-un-momento-especial\/","name":"Estrella Morente und ein besonderer Moment - Tablao Flamenco 1911","isPartOf":{"@id":"https:\/\/tablaoflamenco1911.com\/de\/#website"},"primaryImageOfPage":{"@id":"https:\/\/tablaoflamenco1911.com\/de\/estrella-morente-y-un-momento-especial\/#primaryimage"},"image":{"@id":"https:\/\/tablaoflamenco1911.com\/es\/estrella-morente-y-un-momento-especial\/#primaryimage"},"thumbnailUrl":"https:\/\/tablaoflamenco1911.com\/wp-content\/uploads\/2023\/07\/e8332cf4-8b72-4d9b-9afe-574020b0e600-copia-e1690214154858.jpg","datePublished":"2023-07-24T16:07:44+00:00","dateModified":"2026-03-02T16:17:54+00:00","author":{"@id":"https:\/\/tablaoflamenco1911.com\/es\/#\/schema\/person\/69e9b4e39a0f10f7e7c80b5876eed299"},"description":"Estrella Morente sorprende en el tablao flamenco m\u00e1s antiguo del mundo. Revive este momento \u00fanico y emocionante en Tablao Flamenco 1911.","breadcrumb":{"@id":"https:\/\/tablaoflamenco1911.com\/de\/estrella-morente-y-un-momento-especial\/#breadcrumb"},"inLanguage":"de","potentialAction":[{"@type":"ReadAction","target":[["https:\/\/tablaoflamenco1911.com\/de\/estrella-morente-y-un-momento-especial\/"]]}]},{"@type":"ImageObject","inLanguage":"de","@id":"https:\/\/tablaoflamenco1911.com\/de\/estrella-morente-y-un-momento-especial\/#primaryimage","url":"https:\/\/tablaoflamenco1911.com\/wp-content\/uploads\/2023\/07\/e8332cf4-8b72-4d9b-9afe-574020b0e600-copia-e1690214154858.jpg","contentUrl":"https:\/\/tablaoflamenco1911.com\/wp-content\/uploads\/2023\/07\/e8332cf4-8b72-4d9b-9afe-574020b0e600-copia-e1690214154858.jpg","width":1786,"height":1084,"caption":"Estrella Morente"},{"@type":"BreadcrumbList","@id":"https:\/\/tablaoflamenco1911.com\/de\/estrella-morente-y-un-momento-especial\/#breadcrumb","itemListElement":[{"@type":"ListItem","position":1,"name":"Portada","item":"https:\/\/tablaoflamenco1911.com\/de\/"},{"@type":"ListItem","position":2,"name":"Estrella Morente y un momento especial"}]},{"@type":"WebSite","@id":"https:\/\/tablaoflamenco1911.com\/de\/#website","url":"https:\/\/tablaoflamenco1911.com\/de\/","name":"Tablao Flamenco 1911","description":"La Catedral del Flamenco en Madrid","potentialAction":[{"@type":"SearchAction","target":{"@type":"EntryPoint","urlTemplate":"https:\/\/tablaoflamenco1911.com\/de\/?s={search_term_string}"},"query-input":{"@type":"PropertyValueSpecification","valueRequired":true,"valueName":"search_term_string"}}],"inLanguage":"de"},{"@type":"Person","@id":"https:\/\/tablaoflamenco1911.com\/es\/#\/schema\/person\/69e9b4e39a0f10f7e7c80b5876eed299","name":"social","image":{"@type":"ImageObject","inLanguage":"de","@id":"https:\/\/secure.gravatar.com\/avatar\/03e9de3ecfee324d80d68d010093be908281455ba0a2c9e8e0b216a0b6f33cc5?s=96&d=mm&r=g","url":"https:\/\/secure.gravatar.com\/avatar\/03e9de3ecfee324d80d68d010093be908281455ba0a2c9e8e0b216a0b6f33cc5?s=96&d=mm&r=g","contentUrl":"https:\/\/secure.gravatar.com\/avatar\/03e9de3ecfee324d80d68d010093be908281455ba0a2c9e8e0b216a0b6f33cc5?s=96&d=mm&r=g","caption":"social"}}]}},"_links":{"self":[{"href":"https:\/\/tablaoflamenco1911.com\/de\/wp-json\/wp\/v2\/posts\/21225","targetHints":{"allow":["GET"]}}],"collection":[{"href":"https:\/\/tablaoflamenco1911.com\/de\/wp-json\/wp\/v2\/posts"}],"about":[{"href":"https:\/\/tablaoflamenco1911.com\/de\/wp-json\/wp\/v2\/types\/post"}],"author":[{"embeddable":true,"href":"https:\/\/tablaoflamenco1911.com\/de\/wp-json\/wp\/v2\/users\/7"}],"replies":[{"embeddable":true,"href":"https:\/\/tablaoflamenco1911.com\/de\/wp-json\/wp\/v2\/comments?post=21225"}],"version-history":[{"count":18,"href":"https:\/\/tablaoflamenco1911.com\/de\/wp-json\/wp\/v2\/posts\/21225\/revisions"}],"predecessor-version":[{"id":53849,"href":"https:\/\/tablaoflamenco1911.com\/de\/wp-json\/wp\/v2\/posts\/21225\/revisions\/53849"}],"wp:featuredmedia":[{"embeddable":true,"href":"https:\/\/tablaoflamenco1911.com\/de\/wp-json\/wp\/v2\/media\/21227"}],"wp:attachment":[{"href":"https:\/\/tablaoflamenco1911.com\/de\/wp-json\/wp\/v2\/media?parent=21225"}],"wp:term":[{"taxonomy":"category","embeddable":true,"href":"https:\/\/tablaoflamenco1911.com\/de\/wp-json\/wp\/v2\/categories?post=21225"},{"taxonomy":"post_tag","embeddable":true,"href":"https:\/\/tablaoflamenco1911.com\/de\/wp-json\/wp\/v2\/tags?post=21225"}],"curies":[{"name":"wp","href":"https:\/\/api.w.org\/{rel}","templated":true}]}}